{"id":137,"date":"2022-04-11T21:06:52","date_gmt":"2022-04-11T21:06:52","guid":{"rendered":"https:\/\/alma.loadingediciones.cl\/dev\/?p=137"},"modified":"2022-05-11T18:34:26","modified_gmt":"2022-05-11T18:34:26","slug":"continuing-to-study-an-opportunity-to-grow-with-almas-support","status":"publish","type":"post","link":"https:\/\/alma.loadingediciones.cl\/dev\/es\/continuing-to-study-an-opportunity-to-grow-with-almas-support\/","title":{"rendered":"Seguir estudiando: una oportunidad para crecer, con el apoyo de ALMA"},"content":{"rendered":"<p>[et_pb_section fb_built=&#8221;1&#8243; _builder_version=&#8221;4.16&#8243; global_colors_info=&#8221;{}&#8221; theme_builder_area=&#8221;post_content&#8221;][et_pb_row _builder_version=&#8221;4.16&#8243; background_size=&#8221;initial&#8221; background_position=&#8221;top_left&#8221; background_repeat=&#8221;repeat&#8221; global_colors_info=&#8221;{}&#8221; theme_builder_area=&#8221;post_content&#8221;][et_pb_column type=&#8221;4_4&#8243; _builder_version=&#8221;4.16&#8243; custom_padding=&#8221;|||&#8221; global_colors_info=&#8221;{}&#8221; custom_padding__hover=&#8221;|||&#8221; theme_builder_area=&#8221;post_content&#8221;][et_pb_text _builder_version=&#8221;4.17.3&#8243; background_size=&#8221;initial&#8221; background_position=&#8221;top_left&#8221; background_repeat=&#8221;repeat&#8221; global_colors_info=&#8221;{}&#8221; theme_builder_area=&#8221;post_content&#8221;]<\/p>\n<p>No se trata s\u00f3lo de dinero sino de un compromiso integral que cada colega asume con la excelencia.<\/p>\n<p>Este a\u00f1o, 11 colaboradores recibieron este beneficio.<\/p>\n<p><!-- \/wp:paragraph --><\/p>\n<p>[\/et_pb_text][\/et_pb_column][\/et_pb_row][et_pb_row column_structure=&#8221;1_4,3_4&#8243; _builder_version=&#8221;4.17.3&#8243; _module_preset=&#8221;default&#8221; global_colors_info=&#8221;{}&#8221; theme_builder_area=&#8221;post_content&#8221;][et_pb_column type=&#8221;1_4&#8243; _builder_version=&#8221;4.17.3&#8243; _module_preset=&#8221;default&#8221; global_colors_info=&#8221;{}&#8221; theme_builder_area=&#8221;post_content&#8221;][et_pb_image src=&#8221;https:\/\/alma.loadingediciones.cl\/dev\/wp-content\/uploads\/2022\/05\/jorge-cortes.jpg&#8221; title_text=&#8221;jorge cortes&#8221; _builder_version=&#8221;4.17.3&#8243; _module_preset=&#8221;default&#8221; border_radii=&#8221;on|100px|100px|100px|100px&#8221; border_width_all=&#8221;5px&#8221; border_color_all=&#8221;#153772&#8243; global_colors_info=&#8221;{}&#8221; theme_builder_area=&#8221;post_content&#8221;][\/et_pb_image][\/et_pb_column][et_pb_column type=&#8221;3_4&#8243; _builder_version=&#8221;4.17.3&#8243; _module_preset=&#8221;default&#8221; global_colors_info=&#8221;{}&#8221; theme_builder_area=&#8221;post_content&#8221;][et_pb_text _builder_version=&#8221;4.17.3&#8243; _module_preset=&#8221;default&#8221; global_colors_info=&#8221;{}&#8221; theme_builder_area=&#8221;post_content&#8221;]<\/p>\n<h3><strong>\u201cMis hijos ven que pap\u00e1 y mam\u00e1 estudian y saben que querer es poder\u201d<\/strong><\/h3>\n<p><strong>Jorge Cort\u00e9s<\/strong>, T\u00e9cnico I (El\u00e9ctrico Medio Voltaje) acaba de terminar sus estudios de T\u00e9cnico de nivel superior en electricidad y electr\u00f3nica industrial.<\/p>\n<p><span>\u201cEn este momento todo apoyo es beneficioso para quienes somos padre de familia. Tengo cuatro hijos y en mi casa todos estudiamos. La ayuda no es s\u00f3lo para lo profesional sino tambi\u00e9n en lo personal. Uno se actualiza en conocimientos aplicables en todo \u00e1mbito de la vida\u201d.<\/span><\/p>\n<p>[\/et_pb_text][\/et_pb_column][\/et_pb_row][et_pb_row _builder_version=&#8221;4.17.3&#8243; _module_preset=&#8221;default&#8221; global_colors_info=&#8221;{}&#8221; theme_builder_area=&#8221;post_content&#8221;][et_pb_column type=&#8221;4_4&#8243; _builder_version=&#8221;4.17.3&#8243; _module_preset=&#8221;default&#8221; global_colors_info=&#8221;{}&#8221; theme_builder_area=&#8221;post_content&#8221;][et_pb_text _builder_version=&#8221;4.17.3&#8243; _module_preset=&#8221;default&#8221; global_colors_info=&#8221;{}&#8221; theme_builder_area=&#8221;post_content&#8221;]<\/p>\n<p><span>\u201cFueron dos a\u00f1os muy intensos. A mis 50 a\u00f1os y en plena pandemia, compatibilizar los tiempos fue un desaf\u00edo. Pero el estudio me permiti\u00f3 actualizarme acerca de nuevas tecnolog\u00edas y normas, as\u00ed como conocer otros campos donde el conocimiento se aplica\u201d.<\/span><\/p>\n<p>[\/et_pb_text][\/et_pb_column][\/et_pb_row][et_pb_row column_structure=&#8221;3_4,1_4&#8243; _builder_version=&#8221;4.17.3&#8243; _module_preset=&#8221;default&#8221; global_colors_info=&#8221;{}&#8221; theme_builder_area=&#8221;post_content&#8221;][et_pb_column type=&#8221;3_4&#8243; _builder_version=&#8221;4.17.3&#8243; _module_preset=&#8221;default&#8221; global_colors_info=&#8221;{}&#8221; theme_builder_area=&#8221;post_content&#8221;][et_pb_text _builder_version=&#8221;4.17.3&#8243; _module_preset=&#8221;default&#8221; global_colors_info=&#8221;{}&#8221; theme_builder_area=&#8221;post_content&#8221;]<\/p>\n<h3><strong>\u201cLa cultura ALMA fomenta mucho la educaci\u00f3n continua. En mi equipo eso es evidente\u201d<\/strong><\/h3>\n<p><strong>Claudio Aranda<\/strong><span>\u00a0<\/span>es Supervisor IMG y se encuentra cursando una certificaci\u00f3n en Data science and machine learning en MIT (modalidad online).<\/p>\n<p><span>\u201cAl postular estaba al l\u00edmite con los plazos. Pero tanto mi jefe como Recursos Humanos me instaron a hacerlo. Y eso es porque ALMA apoya el proceso de desarrollo profesional\u201d.<\/span><\/p>\n<p>[\/et_pb_text][\/et_pb_column][et_pb_column type=&#8221;1_4&#8243; _builder_version=&#8221;4.17.3&#8243; _module_preset=&#8221;default&#8221; global_colors_info=&#8221;{}&#8221; theme_builder_area=&#8221;post_content&#8221;][et_pb_image src=&#8221;https:\/\/alma.loadingediciones.cl\/dev\/wp-content\/uploads\/2022\/05\/claudio-aranda.jpg&#8221; title_text=&#8221;claudio aranda&#8221; _builder_version=&#8221;4.17.3&#8243; _module_preset=&#8221;default&#8221; border_radii=&#8221;on|100px|100px|100px|100px&#8221; border_width_all=&#8221;5px&#8221; border_color_all=&#8221;#153772&#8243; global_colors_info=&#8221;{}&#8221; theme_builder_area=&#8221;post_content&#8221;][\/et_pb_image][\/et_pb_column][\/et_pb_row][et_pb_row _builder_version=&#8221;4.17.3&#8243; _module_preset=&#8221;default&#8221; global_colors_info=&#8221;{}&#8221; theme_builder_area=&#8221;post_content&#8221;][et_pb_column type=&#8221;4_4&#8243; _builder_version=&#8221;4.17.3&#8243; _module_preset=&#8221;default&#8221; global_colors_info=&#8221;{}&#8221; theme_builder_area=&#8221;post_content&#8221;][et_pb_text _builder_version=&#8221;4.17.3&#8243; _module_preset=&#8221;default&#8221; global_colors_info=&#8221;{}&#8221; theme_builder_area=&#8221;post_content&#8221;]<\/p>\n<p><span>\u201cEs un inter\u00e9s que est\u00e1 en m\u00ed y que por muchos a\u00f1os estuvo pendiente, ya que en miner\u00eda me era imposible. Parte de mi decisi\u00f3n de \u2018cambiar de industria\u2019 y venirme al observatorio tuvo que ver con esto. Desde que estoy en ALMA (hace m\u00e1s de cinco a\u00f1os), ya he hecho un mag\u00edster, un MBA, tres diplomados y un par de cursos\u201d.<\/span><\/p>\n<p>[\/et_pb_text][\/et_pb_column][\/et_pb_row][et_pb_row column_structure=&#8221;1_4,3_4&#8243; _builder_version=&#8221;4.17.3&#8243; _module_preset=&#8221;default&#8221; global_colors_info=&#8221;{}&#8221; theme_builder_area=&#8221;post_content&#8221;][et_pb_column type=&#8221;1_4&#8243; _builder_version=&#8221;4.17.3&#8243; _module_preset=&#8221;default&#8221; global_colors_info=&#8221;{}&#8221; theme_builder_area=&#8221;post_content&#8221;][et_pb_image src=&#8221;https:\/\/alma.loadingediciones.cl\/dev\/wp-content\/uploads\/2022\/05\/Danilo-Vidal.jpg&#8221; title_text=&#8221;Danilo-Vidal&#8221; _builder_version=&#8221;4.17.3&#8243; _module_preset=&#8221;default&#8221; border_radii=&#8221;on|100px|100px|100px|100px&#8221; border_width_all=&#8221;5px&#8221; border_color_all=&#8221;#153772&#8243; global_colors_info=&#8221;{}&#8221; theme_builder_area=&#8221;post_content&#8221;][\/et_pb_image][\/et_pb_column][et_pb_column type=&#8221;3_4&#8243; _builder_version=&#8221;4.17.3&#8243; _module_preset=&#8221;default&#8221; global_colors_info=&#8221;{}&#8221; theme_builder_area=&#8221;post_content&#8221;][et_pb_text _builder_version=&#8221;4.17.3&#8243; _module_preset=&#8221;default&#8221; global_colors_info=&#8221;{}&#8221; theme_builder_area=&#8221;post_content&#8221;]<\/p>\n<div class=\"vc_row wpb_row vc_row-fluid\">\n<div class=\"wpb_column vc_column_container vc_col-sm-9\">\n<div class=\"vc_column-inner\">\n<div class=\"wpb_wrapper\">\n<div class=\"wpb_text_column wpb_content_element\">\n<div class=\"wpb_wrapper\">\n<h3><strong>\u201cSiento que la vida es un viaje de aprendizaje de inicio a fin, tanto en lo personal como en lo profesional\u201d<\/strong><\/h3>\n<p><strong>Danilo Vidal<\/strong><span>\u00a0<\/span>es Oficial de Relaciones P\u00fablicas y estudia Relaciones P\u00fablicas.<\/p>\n<p>\u201cCreo firmemente que la experiencia es el mejor profesor, pero hay hartos \u201cporrazos\u201d. Cuando te los puedes ahorrar mediante una capacitaci\u00f3n formal, en un proceso guiado, acompa\u00f1ado y estructurado, logras aprender con niveles de detalle que en la experiencia suelen pasar desapercibidos\u201d.<\/p>\n<\/div>\n<\/div>\n<\/div>\n<\/div>\n<\/div>\n<\/div>\n<p>[\/et_pb_text][\/et_pb_column][\/et_pb_row][et_pb_row _builder_version=&#8221;4.17.3&#8243; _module_preset=&#8221;default&#8221; global_colors_info=&#8221;{}&#8221; theme_builder_area=&#8221;post_content&#8221;][et_pb_column type=&#8221;4_4&#8243; _builder_version=&#8221;4.17.3&#8243; _module_preset=&#8221;default&#8221; global_colors_info=&#8221;{}&#8221; theme_builder_area=&#8221;post_content&#8221;][et_pb_text _builder_version=&#8221;4.17.3&#8243; _module_preset=&#8221;default&#8221; global_colors_info=&#8221;{}&#8221; theme_builder_area=&#8221;post_content&#8221;]<\/p>\n<div class=\"vc_row wpb_row vc_row-fluid\">\n<div class=\"wpb_column vc_column_container vc_col-sm-12\">\n<div class=\"vc_column-inner\">\n<div class=\"wpb_wrapper\">\n<div class=\"wpb_text_column wpb_content_element\">\n<div class=\"wpb_wrapper\">\n<p>\u201cDesde lo econ\u00f3mico el gasto siempre es algo a considerar, as\u00ed que recibir este apoyo es un alivio que permite concentrarte en las cosas m\u00e1s importantes. Esto se agradece profundamente y espero responder a la altura\u201d.<\/p>\n<\/div>\n<\/div>\n<\/div>\n<\/div>\n<\/div>\n<\/div>\n<div class=\"vc_row wpb_row vc_row-fluid\">\n<div class=\"wpb_column vc_column_container vc_col-sm-12\">\n<div class=\"vc_column-inner\">\n<div class=\"wpb_wrapper\">\n<div class=\"wpb_text_column wpb_content_element\">\n<div class=\"wpb_wrapper\">\n<p>Felicitamos tambi\u00e9n a:<\/p>\n<\/div>\n<\/div>\n<\/div>\n<\/div>\n<\/div>\n<\/div>\n<p>[\/et_pb_text][\/et_pb_column][\/et_pb_row][et_pb_row _builder_version=&#8221;4.17.3&#8243; _module_preset=&#8221;default&#8221; global_colors_info=&#8221;{}&#8221; theme_builder_area=&#8221;post_content&#8221;][et_pb_column type=&#8221;4_4&#8243; _builder_version=&#8221;4.17.3&#8243; _module_preset=&#8221;default&#8221; global_colors_info=&#8221;{}&#8221; theme_builder_area=&#8221;post_content&#8221;][et_pb_text _builder_version=&#8221;4.17.3&#8243; _module_preset=&#8221;default&#8221; global_colors_info=&#8221;{}&#8221; theme_builder_area=&#8221;post_content&#8221;]<\/p>\n<div class=\"wpb_text_column wpb_content_element\">\n<div class=\"wpb_wrapper\">\n<p>Felicitamos tambi\u00e9n a:<\/p>\n<p><strong>\u2013 Manuel Acevedo<\/strong>, Technician I (Mechanical), quien estudia Ingenier\u00eda en Prevenci\u00f3n de Riesgos.<\/p>\n<p><strong>\u2013 Francisco Cisterna<\/strong>, Supervisor de Contratos, cursa un MBA.<\/p>\n<p><strong>\u2013 Sandro Cisterna<\/strong>, Soporte de IT, sigue un Curso de Ciberseguridad.<\/p>\n<p><strong>\u2013 Jos\u00e9 Garroz<\/strong>, Power Team Operator, cursa T\u00e9cnico nivel superior en electricidad y electr\u00f3nica.<\/p>\n<p><strong>\u2013 Alex Jim\u00e9nez<\/strong>, Technician I (Mechanical), va por la Ingenier\u00eda Industrial y Licenciatura.<\/p>\n<p><strong>\u2013 Manuel P\u00e9rez<\/strong>, Power Team Operator, se encuentra cursando T\u00e9cnico Automatizaci\u00f3n y Control.<\/p>\n<p><strong>\u2013 Francisco Rodr\u00edguez<\/strong>, Technician I (Mechanical), cursa el grado de T\u00e9cnico Electromec\u00e1nica.<\/p>\n<p>&nbsp;<\/p>\n<\/div>\n<\/div>\n<div class=\"wpb_text_column has-custom-color wpb_content_element\">\n<div class=\"wpb_wrapper\">\n<p><strong>El Programa de Educaci\u00f3n Continua beneficia desde 2012 a colegas con inter\u00e9s en seguir desarroll\u00e1ndose profesionalmente, no s\u00f3lo a trav\u00e9s de ayuda econ\u00f3mica (becas parciales o totales), sino dando facilidades y permitiendo las condiciones para el desarrollo del programa de educaci\u00f3n.<\/strong><\/p>\n<p><strong><\/strong><\/p>\n<h3><strong>\u00a1Felicita a tus colegas!<\/strong><\/h3>\n<\/div>\n<\/div>\n<p>[\/et_pb_text][\/et_pb_column][\/et_pb_row][\/et_pb_section]<\/p>\n<div class=\"likebtn_container\" style=\"text-align:center;\"><!-- LikeBtn.com BEGIN --><span class=\"likebtn-wrapper\"  data-identifier=\"post_137\"  data-site_id=\"6536b5cb943ec9a56a0c0631\"  data-theme=\"custom\"  data-btn_size=\"60\"  data-icon_size=\"30\"  data-icon_l_c=\"#ffffff\"  data-icon_l_c_v=\"#25bfa4\"  data-icon_d_c_v=\"#25bfa4\"  data-label_c=\"#ffffff\"  data-label_c_v=\"#ffffff\"  data-counter_l_c=\"#25bfa4\"  data-counter_d_c=\"#ffffff\"  data-bg_c=\"#153772\"  data-bg_c_v=\"#153772\"  data-brdr_c=\"#153772\"  data-f_size=\"16\"  data-counter_fs=\"b\"  data-like_enabled=\"false\"  data-dislike_enabled=\"false\"  data-icon_dislike_show=\"false\"  data-tooltip_enabled=\"false\"  data-white_label=\"true\"  data-style=\"\"  data-unlike_allowed=\"\"  data-show_copyright=\"\"  data-item_url=\"https:\/\/alma.loadingediciones.cl\/dev\/es\/continuing-to-study-an-opportunity-to-grow-with-almas-support\/\"  data-item_title=\"Continuing to study: an opportunity to grow, with ALMA\u2019s support\"  data-item_image=\"https:\/\/alma.loadingediciones.cl\/dev\/wp-content\/uploads\/2022\/04\/Collage.jpg\"  data-item_date=\"2022-04-11T21:06:52+00:00\"  data-engine=\"WordPress\"  data-plugin_v=\"2.6.54\"  data-prx=\"https:\/\/alma.loadingediciones.cl\/dev\/wp-admin\/admin-ajax.php?action=likebtn_prx\"  data-event_handler=\"likebtn_eh\" ><\/span><!-- LikeBtn.com END --><\/div>","protected":false},"excerpt":{"rendered":"<p>No se trata s\u00f3lo de dinero sino de un compromiso integral que cada colega asume con la excelencia.<\/p>\n<div class=\"likebtn_container\" style=\"text-align:center;\"><!-- LikeBtn.com BEGIN --><span class=\"likebtn-wrapper\"  data-identifier=\"post_137\"  data-site_id=\"6536b5cb943ec9a56a0c0631\"  data-theme=\"custom\"  data-btn_size=\"60\"  data-icon_size=\"30\"  data-icon_l_c=\"#ffffff\"  data-icon_l_c_v=\"#25bfa4\"  data-icon_d_c_v=\"#25bfa4\"  data-label_c=\"#ffffff\"  data-label_c_v=\"#ffffff\"  data-counter_l_c=\"#25bfa4\"  data-counter_d_c=\"#ffffff\"  data-bg_c=\"#153772\"  data-bg_c_v=\"#153772\"  data-brdr_c=\"#153772\"  data-f_size=\"16\"  data-counter_fs=\"b\"  data-like_enabled=\"false\"  data-dislike_enabled=\"false\"  data-icon_dislike_show=\"false\"  data-tooltip_enabled=\"false\"  data-white_label=\"true\"  data-style=\"\"  data-unlike_allowed=\"\"  data-show_copyright=\"\"  data-item_url=\"https:\/\/alma.loadingediciones.cl\/dev\/es\/continuing-to-study-an-opportunity-to-grow-with-almas-support\/\"  data-item_title=\"Continuing to study: an opportunity to grow, with ALMA\u2019s support\"  data-item_image=\"https:\/\/alma.loadingediciones.cl\/dev\/wp-content\/uploads\/2022\/04\/Collage.jpg\"  data-item_date=\"2022-04-11T21:06:52+00:00\"  data-engine=\"WordPress\"  data-plugin_v=\"2.6.54\"  data-prx=\"https:\/\/alma.loadingediciones.cl\/dev\/wp-admin\/admin-ajax.php?action=likebtn_prx\"  data-event_handler=\"likebtn_eh\" ><\/span><!-- LikeBtn.com END --><\/div>","protected":false},"author":5,"featured_media":1291,"comment_status":"open","ping_status":"open","sticky":false,"template":"","format":"standard","meta":{"_et_pb_use_builder":"on","_et_pb_old_content":"<!-- wp:paragraph -->\r\n<p>Lorem ipsum dolor sit amet, consectetur adipiscing elit. Vestibulum ut dapibus neque, quis interdum lacus. Praesent a enim volutpat tortor sagittis vehicula eu consequat elit. Cras tristique erat sed nibh sollicitudin dictum. Fusce tempus velit nisi, vel venenatis orci volutpat nec. Nulla vitae pulvinar est. Proin egestas vestibulum massa. Quisque sit amet risus vel massa tincidunt tincidunt vitae in purus. Vivamus at ornare dui, ac pellentesque elit. Aenean accumsan, diam nec hendrerit accumsan, tellus justo posuere nulla, nec vestibulum nulla tellus vel urna. Fusce pellentesque mattis erat et molestie. Vestibulum eu sapien ante. Donec eu leo erat. Duis sodales lorem arcu, sit amet finibus eros convallis sit amet. Vivamus sem ligula, finibus maximus turpis at, semper molestie odio.<\/p>\r\n<!-- \/wp:paragraph -->","_et_gb_content_width":"","footnotes":""},"categories":[3],"tags":[31,22,30,32],"class_list":["post-137","post","type-post","status-publish","format-standard","has-post-thumbnail","hentry","category-news","tag-benefits","tag-colleagues","tag-education","tag-hr","et-has-post-format-content","et_post_format-et-post-format-standard"],"_links":{"self":[{"href":"https:\/\/alma.loadingediciones.cl\/dev\/es\/wp-json\/wp\/v2\/posts\/137","targetHints":{"allow":["GET"]}}],"collection":[{"href":"https:\/\/alma.loadingediciones.cl\/dev\/es\/wp-json\/wp\/v2\/posts"}],"about":[{"href":"https:\/\/alma.loadingediciones.cl\/dev\/es\/wp-json\/wp\/v2\/types\/post"}],"author":[{"embeddable":true,"href":"https:\/\/alma.loadingediciones.cl\/dev\/es\/wp-json\/wp\/v2\/users\/5"}],"replies":[{"embeddable":true,"href":"https:\/\/alma.loadingediciones.cl\/dev\/es\/wp-json\/wp\/v2\/comments?post=137"}],"version-history":[{"count":13,"href":"https:\/\/alma.loadingediciones.cl\/dev\/es\/wp-json\/wp\/v2\/posts\/137\/revisions"}],"predecessor-version":[{"id":1442,"href":"https:\/\/alma.loadingediciones.cl\/dev\/es\/wp-json\/wp\/v2\/posts\/137\/revisions\/1442"}],"wp:featuredmedia":[{"embeddable":true,"href":"https:\/\/alma.loadingediciones.cl\/dev\/es\/wp-json\/wp\/v2\/media\/1291"}],"wp:attachment":[{"href":"https:\/\/alma.loadingediciones.cl\/dev\/es\/wp-json\/wp\/v2\/media?parent=137"}],"wp:term":[{"taxonomy":"category","embeddable":true,"href":"https:\/\/alma.loadingediciones.cl\/dev\/es\/wp-json\/wp\/v2\/categories?post=137"},{"taxonomy":"post_tag","embeddable":true,"href":"https:\/\/alma.loadingediciones.cl\/dev\/es\/wp-json\/wp\/v2\/tags?post=137"}],"curies":[{"name":"wp","href":"https:\/\/api.w.org\/{rel}","templated":true}]}}