{"id":5337,"date":"2024-06-06T18:02:05","date_gmt":"2024-06-06T18:02:05","guid":{"rendered":"https:\/\/alma.loadingediciones.cl\/dev\/?p=5337"},"modified":"2024-06-06T18:54:36","modified_gmt":"2024-06-06T18:54:36","slug":"do-you-recommend-marta-allendes","status":"publish","type":"post","link":"https:\/\/alma.loadingediciones.cl\/dev\/es\/do-you-recommend-marta-allendes\/","title":{"rendered":"Yo Recomiendo: Marta Allendes"},"content":{"rendered":"<p>[et_pb_section fb_built=&#8221;1&#8243; _builder_version=&#8221;4.17.4&#8243; _module_preset=&#8221;default&#8221; custom_padding=&#8221;30px|||||&#8221; global_colors_info=&#8221;{}&#8221; theme_builder_area=&#8221;post_content&#8221;][et_pb_row column_structure=&#8221;1_3,1_3,1_3&#8243; _builder_version=&#8221;4.19.1&#8243; _module_preset=&#8221;default&#8221; min_height=&#8221;143.8px&#8221; custom_margin=&#8221;|auto|6px|auto|false|false&#8221; custom_padding=&#8221;||1px|||&#8221; global_colors_info=&#8221;{}&#8221; theme_builder_area=&#8221;post_content&#8221;][et_pb_column type=&#8221;1_3&#8243; _builder_version=&#8221;4.17.4&#8243; _module_preset=&#8221;default&#8221; global_colors_info=&#8221;{}&#8221; theme_builder_area=&#8221;post_content&#8221;][et_pb_text admin_label=&#8221;Text&#8221; _builder_version=&#8221;4.19.1&#8243; _module_preset=&#8221;default&#8221; text_text_color=&#8221;#000000&#8243; text_orientation=&#8221;left&#8221; custom_padding=&#8221;||0px||false|false&#8221; global_colors_info=&#8221;{}&#8221; theme_builder_area=&#8221;post_content&#8221;]<strong>Marta Allendes<\/strong>, est\u00e1 marcada por postales internacionales.<\/p>\n<p align=\"justify\"><strong>Nuestra Hospitality Service Coordinator<\/strong> empez\u00f3 a los 20 a\u00f1os haciendo su pr\u00e1ctica en Hoteler\u00eda en Estados Unidos y, desde entonces, trabaj\u00f3 fuera de Chile hasta que lleg\u00f3 la pandemia. \u201cPara m\u00ed es muy natural estar con personas de otras nacionalidades, es parte de mi d\u00eda a d\u00eda. Mis amigos est\u00e1n alrededor del mundo, tengo muchas amistades fuera\u201d, se\u00f1ala.<\/p>\n<p>[\/et_pb_text][\/et_pb_column][et_pb_column type=&#8221;1_3&#8243; _builder_version=&#8221;4.17.4&#8243; _module_preset=&#8221;default&#8221; global_colors_info=&#8221;{}&#8221; theme_builder_area=&#8221;post_content&#8221;][et_pb_image src=&#8221;https:\/\/alma.loadingediciones.cl\/dev\/wp-content\/uploads\/2024\/06\/WhatsApp-Image-2024-05-24-at-15.10.17-4-e1717696831804.jpeg&#8221; title_text=&#8221;WhatsApp Image 2024-05-24 at 15.10.17 (4)&#8221; _builder_version=&#8221;4.19.1&#8243; _module_preset=&#8221;default&#8221; global_colors_info=&#8221;{}&#8221; theme_builder_area=&#8221;post_content&#8221;][\/et_pb_image][\/et_pb_column][et_pb_column type=&#8221;1_3&#8243; _builder_version=&#8221;4.17.4&#8243; _module_preset=&#8221;default&#8221; global_colors_info=&#8221;{}&#8221; theme_builder_area=&#8221;post_content&#8221;][et_pb_image src=&#8221;https:\/\/alma.loadingediciones.cl\/dev\/wp-content\/uploads\/2024\/06\/WhatsApp-Image-2024-05-24-at-15.10.14-2-1-e1717696636266.jpeg&#8221; title_text=&#8221;WhatsApp Image 2024-05-24 at 15.10.14 (2) (1)&#8221; _builder_version=&#8221;4.19.1&#8243; _module_preset=&#8221;default&#8221; global_colors_info=&#8221;{}&#8221; theme_builder_area=&#8221;post_content&#8221;][\/et_pb_image][\/et_pb_column][\/et_pb_row][et_pb_row column_structure=&#8221;2_5,3_5&#8243; _builder_version=&#8221;4.19.1&#8243; _module_preset=&#8221;default&#8221; min_height=&#8221;143.8px&#8221; custom_margin=&#8221;|auto|6px|auto|false|false&#8221; custom_padding=&#8221;||1px|||&#8221; global_colors_info=&#8221;{}&#8221; theme_builder_area=&#8221;post_content&#8221;][et_pb_column type=&#8221;2_5&#8243; _builder_version=&#8221;4.17.4&#8243; _module_preset=&#8221;default&#8221; global_colors_info=&#8221;{}&#8221; theme_builder_area=&#8221;post_content&#8221;][et_pb_image src=&#8221;https:\/\/alma.loadingediciones.cl\/dev\/wp-content\/uploads\/2024\/06\/WhatsApp-Image-2024-05-24-at-15.10.16-4.jpeg&#8221; title_text=&#8221;WhatsApp Image 2024-05-24 at 15.10.16 (4)&#8221; _builder_version=&#8221;4.19.1&#8243; _module_preset=&#8221;default&#8221; global_colors_info=&#8221;{}&#8221; theme_builder_area=&#8221;post_content&#8221;][\/et_pb_image][\/et_pb_column][et_pb_column type=&#8221;3_5&#8243; _builder_version=&#8221;4.17.4&#8243; _module_preset=&#8221;default&#8221; global_colors_info=&#8221;{}&#8221; theme_builder_area=&#8221;post_content&#8221;][et_pb_text admin_label=&#8221;Text&#8221; _builder_version=&#8221;4.19.1&#8243; _module_preset=&#8221;default&#8221; text_text_color=&#8221;#000000&#8243; text_orientation=&#8221;left&#8221; custom_padding=&#8221;||0px||false|false&#8221; global_colors_info=&#8221;{}&#8221; theme_builder_area=&#8221;post_content&#8221;]<\/p>\n<p align=\"justify\">Por ello cuenta con una perspectiva multicultural que se asemeja mucho a lo que ve hoy en ALMA: \u201cPara m\u00ed somos todos iguales, independientemente de las diferencias que podamos tener por la nacionalidad o por las culturas, somos todos seres humanos viviendo en el mismo mundo\u2019\u2019. <\/p>\n<p>[\/et_pb_text][\/et_pb_column][\/et_pb_row][et_pb_row column_structure=&#8221;3_5,2_5&#8243; _builder_version=&#8221;4.19.1&#8243; _module_preset=&#8221;default&#8221; min_height=&#8221;143.8px&#8221; custom_margin=&#8221;|auto|6px|auto|false|false&#8221; custom_padding=&#8221;||1px|||&#8221; global_colors_info=&#8221;{}&#8221; theme_builder_area=&#8221;post_content&#8221;][et_pb_column type=&#8221;3_5&#8243; _builder_version=&#8221;4.17.4&#8243; _module_preset=&#8221;default&#8221; global_colors_info=&#8221;{}&#8221; theme_builder_area=&#8221;post_content&#8221;][et_pb_text admin_label=&#8221;Text&#8221; _builder_version=&#8221;4.19.1&#8243; _module_preset=&#8221;default&#8221; text_text_color=&#8221;#000000&#8243; text_orientation=&#8221;left&#8221; custom_padding=&#8221;||0px||false|false&#8221; global_colors_info=&#8221;{}&#8221; theme_builder_area=&#8221;post_content&#8221;]<\/p>\n<p align=\"justify\">Por su trabajo, Marta ha conocido varios rincones de nuestro planeta, especialmente cuando por seis a\u00f1os fue parte de una compa\u00f1\u00eda de cruceros. M\u00e1s all\u00e1 de los lugares incre\u00edbles que conoci\u00f3 recorriendo los oc\u00e9anos, destaca \u201cel compa\u00f1erismo que se da. Se forman lazos muy fuertes, porque est\u00e1s meses viviendo a bordo de un barco en el medio del mar, d\u00eda y noche, y est\u00e1s expuesta a muchos desaf\u00edos. Fue espectacular conocer profesionales de la hoteler\u00eda y del turismo de todo el mundo\u201d.<\/p>\n<p>[\/et_pb_text][\/et_pb_column][et_pb_column type=&#8221;2_5&#8243; _builder_version=&#8221;4.17.4&#8243; _module_preset=&#8221;default&#8221; global_colors_info=&#8221;{}&#8221; theme_builder_area=&#8221;post_content&#8221;][et_pb_image src=&#8221;https:\/\/alma.loadingediciones.cl\/dev\/wp-content\/uploads\/2024\/06\/WhatsApp-Image-2024-05-24-at-15.10.15-3-e1717700051943.jpeg&#8221; title_text=&#8221;WhatsApp Image 2024-05-24 at 15.10.15 (3)&#8221; _builder_version=&#8221;4.19.1&#8243; _module_preset=&#8221;default&#8221; hover_enabled=&#8221;0&#8243; global_colors_info=&#8221;{}&#8221; theme_builder_area=&#8221;post_content&#8221; sticky_enabled=&#8221;0&#8243;][\/et_pb_image][\/et_pb_column][\/et_pb_row][et_pb_row column_structure=&#8221;2_5,3_5&#8243; _builder_version=&#8221;4.19.1&#8243; _module_preset=&#8221;default&#8221; min_height=&#8221;143.8px&#8221; custom_margin=&#8221;|auto|6px|auto|false|false&#8221; custom_padding=&#8221;||1px|||&#8221; global_colors_info=&#8221;{}&#8221; theme_builder_area=&#8221;post_content&#8221;][et_pb_column type=&#8221;2_5&#8243; _builder_version=&#8221;4.17.4&#8243; _module_preset=&#8221;default&#8221; global_colors_info=&#8221;{}&#8221; theme_builder_area=&#8221;post_content&#8221;][et_pb_image src=&#8221;https:\/\/alma.loadingediciones.cl\/dev\/wp-content\/uploads\/2024\/06\/WhatsApp-Image-2024-06-06-at-14.10.45.jpeg&#8221; title_text=&#8221;WhatsApp Image 2024-06-06 at 14.10.45&#8243; _builder_version=&#8221;4.19.1&#8243; _module_preset=&#8221;default&#8221; hover_enabled=&#8221;0&#8243; global_colors_info=&#8221;{}&#8221; theme_builder_area=&#8221;post_content&#8221; sticky_enabled=&#8221;0&#8243;][\/et_pb_image][\/et_pb_column][et_pb_column type=&#8221;3_5&#8243; _builder_version=&#8221;4.17.4&#8243; _module_preset=&#8221;default&#8221; global_colors_info=&#8221;{}&#8221; theme_builder_area=&#8221;post_content&#8221;][et_pb_text admin_label=&#8221;Text&#8221; _builder_version=&#8221;4.19.1&#8243; _module_preset=&#8221;default&#8221; text_text_color=&#8221;#000000&#8243; text_orientation=&#8221;left&#8221; custom_padding=&#8221;||0px||false|false&#8221; global_colors_info=&#8221;{}&#8221; theme_builder_area=&#8221;post_content&#8221;]<\/p>\n<p align=\"justify\">Marta trajo a ALMA todo ese conocimiento adquirido. Desde su \u00e9poca de estudiante ya ve\u00eda al observatorio como un importante legado para Chile, de una relevancia cient\u00edfica y tur\u00edstica a nivel internacional, pero ahora ya adentro le resulta \u201cm\u00e1s incre\u00edble descubrir que toda esta log\u00edstica, toda esta ingenier\u00eda se puede desarrollar en un lugar tan inh\u00f3spito, tan dif\u00edcil, tan adverso entre la naturaleza y la distancia\u201d.<\/p>\n<p>[\/et_pb_text][\/et_pb_column][\/et_pb_row][et_pb_row column_structure=&#8221;3_5,2_5&#8243; _builder_version=&#8221;4.19.1&#8243; _module_preset=&#8221;default&#8221; min_height=&#8221;143.8px&#8221; custom_margin=&#8221;|auto|6px|auto|false|false&#8221; custom_padding=&#8221;||1px|||&#8221; global_colors_info=&#8221;{}&#8221; theme_builder_area=&#8221;post_content&#8221;][et_pb_column type=&#8221;3_5&#8243; _builder_version=&#8221;4.17.4&#8243; _module_preset=&#8221;default&#8221; global_colors_info=&#8221;{}&#8221; theme_builder_area=&#8221;post_content&#8221;][et_pb_text admin_label=&#8221;Text&#8221; _builder_version=&#8221;4.19.1&#8243; _module_preset=&#8221;default&#8221; text_text_color=&#8221;#000000&#8243; text_orientation=&#8221;left&#8221; custom_padding=&#8221;||0px||false|false&#8221; global_colors_info=&#8221;{}&#8221; theme_builder_area=&#8221;post_content&#8221;]<\/p>\n<p align=\"justify\">Marta ya lleva cuatro meses con nosotros, y destaca que \u201ca pesar de que tenemos una operaci\u00f3n muy din\u00e1mica y desafiante, es una maravilla estar trabajando en este entorno natural de tanta calma\u201d.  Y lo que m\u00e1s agradece es integrar un equipo de personas \u201cs\u00faper amables, que me han apoyado much\u00edsimo. Han sido muy emp\u00e1ticos, me han acogido s\u00faper bien, y por eso estoy muy agradecida\u201d.<\/p>\n<p>[\/et_pb_text][\/et_pb_column][et_pb_column type=&#8221;2_5&#8243; _builder_version=&#8221;4.17.4&#8243; _module_preset=&#8221;default&#8221; global_colors_info=&#8221;{}&#8221; theme_builder_area=&#8221;post_content&#8221;][et_pb_image src=&#8221;https:\/\/alma.loadingediciones.cl\/dev\/wp-content\/uploads\/2024\/06\/WhatsApp-Image-2024-05-24-at-14.42.06-4-e1717696380133.jpeg&#8221; title_text=&#8221;WhatsApp Image 2024-05-24 at 14.42.06 (4)&#8221; _builder_version=&#8221;4.19.1&#8243; _module_preset=&#8221;default&#8221; global_colors_info=&#8221;{}&#8221; theme_builder_area=&#8221;post_content&#8221;][\/et_pb_image][\/et_pb_column][\/et_pb_row][et_pb_row _builder_version=&#8221;4.19.1&#8243; _module_preset=&#8221;default&#8221; global_colors_info=&#8221;{}&#8221; theme_builder_area=&#8221;post_content&#8221;][et_pb_column type=&#8221;4_4&#8243; _builder_version=&#8221;4.19.1&#8243; _module_preset=&#8221;default&#8221; global_colors_info=&#8221;{}&#8221; theme_builder_area=&#8221;post_content&#8221;][et_pb_text _builder_version=&#8221;4.19.1&#8243; _module_preset=&#8221;default&#8221; text_text_color=&#8221;#000000&#8243; text_orientation=&#8221;center&#8221; global_colors_info=&#8221;{}&#8221; theme_builder_area=&#8221;post_content&#8221;]<strong>The Beatles y salir a comer: Marta nos revela sus gustos y recomendaciones<\/strong>[\/et_pb_text][\/et_pb_column][\/et_pb_row][et_pb_row column_structure=&#8221;1_4,3_4&#8243; _builder_version=&#8221;4.19.1&#8243; _module_preset=&#8221;default&#8221; min_height=&#8221;143.8px&#8221; custom_margin=&#8221;|auto|6px|auto|false|false&#8221; custom_padding=&#8221;||1px|||&#8221; global_colors_info=&#8221;{}&#8221; theme_builder_area=&#8221;post_content&#8221;][et_pb_column type=&#8221;1_4&#8243; _builder_version=&#8221;4.17.4&#8243; _module_preset=&#8221;default&#8221; global_colors_info=&#8221;{}&#8221; theme_builder_area=&#8221;post_content&#8221;][et_pb_image src=&#8221;https:\/\/alma.loadingediciones.cl\/dev\/wp-content\/uploads\/2024\/06\/man-search-e1717695895429.jpg&#8221; title_text=&#8221;man search&#8221; _builder_version=&#8221;4.19.1&#8243; _module_preset=&#8221;default&#8221; global_colors_info=&#8221;{}&#8221; theme_builder_area=&#8221;post_content&#8221;][\/et_pb_image][\/et_pb_column][et_pb_column type=&#8221;3_4&#8243; _builder_version=&#8221;4.17.4&#8243; _module_preset=&#8221;default&#8221; global_colors_info=&#8221;{}&#8221; theme_builder_area=&#8221;post_content&#8221;][et_pb_text admin_label=&#8221;Text&#8221; _builder_version=&#8221;4.19.1&#8243; _module_preset=&#8221;default&#8221; text_text_color=&#8221;#000000&#8243; text_orientation=&#8221;left&#8221; custom_padding=&#8221;||0px||false|false&#8221; global_colors_info=&#8221;{}&#8221; theme_builder_area=&#8221;post_content&#8221;]<\/p>\n<p align=\"justify\"><strong>Leer:<\/strong> \u201cEl hombre en busca de sentido\u201d, de V\u00edctor Frankl. Admiro mucho su historia, todo lo que vivi\u00f3 en los campos de concentraci\u00f3n y c\u00f3mo sac\u00f3 de ah\u00ed una metodolog\u00eda para poder ayudar al resto a enfrentar la adversidad m\u00e1s fuerte que puede haber en la vida, que es el que te despojen de todos tus seres queridos. Me parece muy noble y valiente.<\/p>\n<p align=\"justify\"><strong>Ver:<\/strong> Soy poco de pel\u00edculas y de series.<\/p>\n<p>[\/et_pb_text][\/et_pb_column][\/et_pb_row][et_pb_row column_structure=&#8221;3_5,2_5&#8243; _builder_version=&#8221;4.19.1&#8243; _module_preset=&#8221;default&#8221; global_colors_info=&#8221;{}&#8221; theme_builder_area=&#8221;post_content&#8221;][et_pb_column type=&#8221;3_5&#8243; _builder_version=&#8221;4.19.1&#8243; _module_preset=&#8221;default&#8221; global_colors_info=&#8221;{}&#8221; theme_builder_area=&#8221;post_content&#8221;][et_pb_text _builder_version=&#8221;4.19.1&#8243; _module_preset=&#8221;default&#8221; text_text_color=&#8221;#000000&#8243; text_orientation=&#8221;left&#8221; global_colors_info=&#8221;{}&#8221; theme_builder_area=&#8221;post_content&#8221;]<\/p>\n<p align=\"justify\"><strong>Escuchar<\/strong>: La m\u00fasica es mi punto d\u00e9bil. Tengo que andar con m\u00fasica todo el tiempo, y de todo tipo, dependiendo del momento. Es como vivir la vida con una banda sonora. Principalmente me gusta mucho The Beatles, la m\u00fasica de los 80, el rock pop anglo, pasando por el New Age y un sinf\u00edn de estilos para cada ocasi\u00f3n.<\/p>\n<p align=\"justify\"><strong>Comer<\/strong>: Me gusta mucho salir a restaurantes, siempre estoy buscando lugares, no solamente los restaurantes m\u00e1s gourmet. Poder conocer la cultura de un lugar a trav\u00e9s de la cocina m\u00e1s popular, conocer los rincones, las picadas. No tengo un plato favorito, pero s\u00ed muchos recuerdos de la comida de mi infancia, y por eso creo que los platos m\u00e1s ricos eran los que cocinaba mi abuela, como su cazuela.<\/p>\n<p>[\/et_pb_text][\/et_pb_column][et_pb_column type=&#8221;2_5&#8243; _builder_version=&#8221;4.19.1&#8243; _module_preset=&#8221;default&#8221; global_colors_info=&#8221;{}&#8221; theme_builder_area=&#8221;post_content&#8221;][et_pb_image src=&#8221;https:\/\/alma.loadingediciones.cl\/dev\/wp-content\/uploads\/2024\/02\/Receta-de-Cazuela.webp&#8221; title_text=&#8221;Receta-de-Cazuela&#8221; _builder_version=&#8221;4.19.1&#8243; _module_preset=&#8221;default&#8221; global_colors_info=&#8221;{}&#8221; theme_builder_area=&#8221;post_content&#8221;][\/et_pb_image][\/et_pb_column][\/et_pb_row][et_pb_row column_structure=&#8221;1_2,1_2&#8243; _builder_version=&#8221;4.19.1&#8243; _module_preset=&#8221;default&#8221; global_colors_info=&#8221;{}&#8221; theme_builder_area=&#8221;post_content&#8221;][et_pb_column type=&#8221;1_2&#8243; _builder_version=&#8221;4.19.1&#8243; _module_preset=&#8221;default&#8221; global_colors_info=&#8221;{}&#8221; theme_builder_area=&#8221;post_content&#8221;][et_pb_image src=&#8221;https:\/\/alma.loadingediciones.cl\/dev\/wp-content\/uploads\/2024\/06\/rectora_ferrari_portada-e1717695655122.png&#8221; title_text=&#8221;rectora_ferrari_portada&#8221; _builder_version=&#8221;4.19.1&#8243; _module_preset=&#8221;default&#8221; global_colors_info=&#8221;{}&#8221; theme_builder_area=&#8221;post_content&#8221;][\/et_pb_image][\/et_pb_column][et_pb_column type=&#8221;1_2&#8243; _builder_version=&#8221;4.19.1&#8243; _module_preset=&#8221;default&#8221; global_colors_info=&#8221;{}&#8221; theme_builder_area=&#8221;post_content&#8221;][et_pb_text _builder_version=&#8221;4.19.1&#8243; _module_preset=&#8221;default&#8221; text_text_color=&#8221;#000000&#8243; text_orientation=&#8221;left&#8221; global_colors_info=&#8221;{}&#8221; theme_builder_area=&#8221;post_content&#8221;]<\/p>\n<p align=\"justify\"><strong>Beber<\/strong>: Me gustan los vinos, principalmente chilenos org\u00e1nicos. La Ruta del Vino de Casablanca la he recorrido completa, Veramonte e Ind\u00f3mita son algunos de mis favoritos.<\/p>\n<p align=\"justify\"><strong>Seguir \/ Admirar<\/strong>: Loreto Ferrari para m\u00ed es un referente. Ella es Ingeniera Civil Mec\u00e1nica de los a\u00f1os 80\u2019s y actualmente es rectora de una instituci\u00f3n de educaci\u00f3n superior. Ha potenciado mucho la integraci\u00f3n de mujeres en las carreras STEM, de ciencia y tecnolog\u00eda.  Fue una de mis profesoras de finanzas hace ya casi 20 a\u00f1os y siempre seguimos en contacto. Pero hay muchas otras mujeres que para m\u00ed son admirables, principalmente quienes luchan d\u00eda a d\u00eda por ser integradas en ambientes masculinizados. Me reflejo en las mujeres que rompen barreras y ganan espacio a punta de esfuerzo, de trabajo y de profesionalismo.<\/p>\n<p>[\/et_pb_text][\/et_pb_column][\/et_pb_row][et_pb_row column_structure=&#8221;1_2,1_2&#8243; _builder_version=&#8221;4.19.1&#8243; _module_preset=&#8221;default&#8221; global_colors_info=&#8221;{}&#8221; theme_builder_area=&#8221;post_content&#8221;][et_pb_column type=&#8221;1_2&#8243; _builder_version=&#8221;4.19.1&#8243; _module_preset=&#8221;default&#8221; global_colors_info=&#8221;{}&#8221; theme_builder_area=&#8221;post_content&#8221;][et_pb_text _builder_version=&#8221;4.19.1&#8243; _module_preset=&#8221;default&#8221; text_text_color=&#8221;#000000&#8243; text_orientation=&#8221;left&#8221; global_colors_info=&#8221;{}&#8221; theme_builder_area=&#8221;post_content&#8221;]<\/p>\n<p align=\"justify\"><strong>Pensar \/ Creer<\/strong>: No soy de creencias religiosas, me guio por el sentir m\u00e1s que por el creer. Todo lo que est\u00e9 relacionado con la espiritualidad, con la bondad, con la nobleza entre seres humanos y hacia la naturaleza mueve mi esp\u00edritu. Hago meditaci\u00f3n, busco mucho a los animales, la naturaleza y creo que por eso tambi\u00e9n en ALMA me siento tan bien: por el entorno, porque te permite esa conexi\u00f3n con el Universo, las estrellas, la paz del lugar. Me encanta salir a mirar las estrellas cuando estoy en sitio. Es maravilloso.<\/p>\n<p align=\"justify\"><strong>Hacer \/ Practicar<\/strong>: Todo lo que sea el aire libre me gusta mucho. Desde muy joven salgo a trotar a la playa, caminar o correr. En el mar, me encanta much\u00edsimo el buceo, snorkel, navegaci\u00f3n, hacer kayak. Y ac\u00e1 ahora estoy aprendiendo pool con Lorenzo Mart\u00ednez-Conde. Nuestra idea es formar un equipo de pool de mujeres para las futuras olimpiadas, con Lorenzo como entrenador.<\/p>\n<p>[\/et_pb_text][\/et_pb_column][et_pb_column type=&#8221;1_2&#8243; _builder_version=&#8221;4.19.1&#8243; _module_preset=&#8221;default&#8221; global_colors_info=&#8221;{}&#8221; theme_builder_area=&#8221;post_content&#8221;][et_pb_image src=&#8221;https:\/\/alma.loadingediciones.cl\/dev\/wp-content\/uploads\/2024\/06\/WhatsApp-Image-2024-05-24-at-14.31.10-1-e1717695367689.jpeg&#8221; title_text=&#8221;WhatsApp Image 2024-05-24 at 14.31.10 (1)&#8221; _builder_version=&#8221;4.19.1&#8243; _module_preset=&#8221;default&#8221; global_colors_info=&#8221;{}&#8221; theme_builder_area=&#8221;post_content&#8221;][\/et_pb_image][\/et_pb_column][\/et_pb_row][et_pb_row column_structure=&#8221;1_3,2_3&#8243; _builder_version=&#8221;4.19.1&#8243; _module_preset=&#8221;default&#8221; global_colors_info=&#8221;{}&#8221; theme_builder_area=&#8221;post_content&#8221;][et_pb_column type=&#8221;1_3&#8243; _builder_version=&#8221;4.19.1&#8243; _module_preset=&#8221;default&#8221; global_colors_info=&#8221;{}&#8221; theme_builder_area=&#8221;post_content&#8221;][et_pb_image src=&#8221;https:\/\/alma.loadingediciones.cl\/dev\/wp-content\/uploads\/2024\/06\/WhatsApp-Image-2024-05-09-at-17.38.02-1-e1717699922214.jpeg&#8221; title_text=&#8221;WhatsApp Image 2024-05-09 at 17.38.02 (1)&#8221; _builder_version=&#8221;4.19.1&#8243; _module_preset=&#8221;default&#8221; hover_enabled=&#8221;0&#8243; global_colors_info=&#8221;{}&#8221; theme_builder_area=&#8221;post_content&#8221; sticky_enabled=&#8221;0&#8243;][\/et_pb_image][\/et_pb_column][et_pb_column type=&#8221;2_3&#8243; _builder_version=&#8221;4.19.1&#8243; _module_preset=&#8221;default&#8221; global_colors_info=&#8221;{}&#8221; theme_builder_area=&#8221;post_content&#8221;][et_pb_text _builder_version=&#8221;4.19.1&#8243; _module_preset=&#8221;default&#8221; text_text_color=&#8221;#000000&#8243; text_orientation=&#8221;left&#8221; global_colors_info=&#8221;{}&#8221; theme_builder_area=&#8221;post_content&#8221;]<\/p>\n<p align=\"justify\"><strong>Vestir<\/strong>: Todo el tiempo zapatillas y jeans. Esa es la combinaci\u00f3n para todo. Blusa, polera, chaqueta, todo se puede combinar con jeans.<\/p>\n<p align=\"justify\"><strong>Viajar<\/strong>: Todos los lugares que he conocido son s\u00faper m\u00e1gicos: Turqu\u00eda, Grecia, gran parte de Europa, \u00c1frica, Estados Unidos, todo el Caribe, Latinoam\u00e9rica, Chile de norte a sur, viv\u00ed un par de a\u00f1os en las Islas Falkland\u2026 Todos los lugares tienen su encanto y a mis reci\u00e9n cumplidos 40 a\u00f1os recorr\u00ed gran parte del mundo, pero ahora con mi peque\u00f1o hijo de 4 a\u00f1os fan\u00e1tico de Lego, lo m\u00e1s probable es que mi pr\u00f3ximo destino sea Legoland. Yo quisiera que mi hijo El\u00edas visitara cada lugar que conoc\u00ed, pero ahora es su turno, yo ya viv\u00ed mis viajes y ahora me toca acompa\u00f1arlo a \u00e9l, tal como me apoyaron mis padres siempre en cada aventura que quise emprender.<\/p>\n<p>[\/et_pb_text][\/et_pb_column][\/et_pb_row][et_pb_row _builder_version=&#8221;4.19.1&#8243; _module_preset=&#8221;default&#8221; global_colors_info=&#8221;{}&#8221; theme_builder_area=&#8221;post_content&#8221;][et_pb_column type=&#8221;4_4&#8243; _builder_version=&#8221;4.19.1&#8243; _module_preset=&#8221;default&#8221; global_colors_info=&#8221;{}&#8221; theme_builder_area=&#8221;post_content&#8221;][et_pb_text _builder_version=&#8221;4.19.1&#8243; _module_preset=&#8221;default&#8221; text_text_color=&#8221;#000000&#8243; text_font_size=&#8221;20px&#8221; text_orientation=&#8221;center&#8221; text_text_shadow_style=&#8221;preset1&#8243; box_shadow_style=&#8221;preset1&#8243; global_colors_info=&#8221;{}&#8221; theme_builder_area=&#8221;post_content&#8221;]<strong>SI TE GUST\u00d3 ESTE NEWSLETTER, \u00a1DALE UN \"LIKE\" Y COMENTA!<\/strong>[\/et_pb_text][\/et_pb_column][\/et_pb_row][\/et_pb_section]<\/p>\n<div class=\"likebtn_container\" style=\"text-align:center;\"><!-- LikeBtn.com BEGIN --><span class=\"likebtn-wrapper\"  data-identifier=\"post_5337\"  data-site_id=\"6536b5cb943ec9a56a0c0631\"  data-theme=\"custom\"  data-btn_size=\"60\"  data-icon_size=\"30\"  data-icon_l_c=\"#ffffff\"  data-icon_l_c_v=\"#25bfa4\"  data-icon_d_c_v=\"#25bfa4\"  data-label_c=\"#ffffff\"  data-label_c_v=\"#ffffff\"  data-counter_l_c=\"#25bfa4\"  data-counter_d_c=\"#ffffff\"  data-bg_c=\"#153772\"  data-bg_c_v=\"#153772\"  data-brdr_c=\"#153772\"  data-f_size=\"16\"  data-counter_fs=\"b\"  data-like_enabled=\"false\"  data-dislike_enabled=\"false\"  data-icon_dislike_show=\"false\"  data-tooltip_enabled=\"false\"  data-white_label=\"true\"  data-style=\"\"  data-unlike_allowed=\"\"  data-show_copyright=\"\"  data-item_url=\"https:\/\/alma.loadingediciones.cl\/dev\/es\/do-you-recommend-marta-allendes\/\"  data-item_title=\"Do you Recommend?: Marta Allendes\"  data-item_image=\"https:\/\/alma.loadingediciones.cl\/dev\/wp-content\/uploads\/2024\/06\/DSCF0221-scaled.jpeg\"  data-item_date=\"2024-06-06T18:02:05+00:00\"  data-engine=\"WordPress\"  data-plugin_v=\"2.6.54\"  data-prx=\"https:\/\/alma.loadingediciones.cl\/dev\/wp-admin\/admin-ajax.php?action=likebtn_prx\"  data-event_handler=\"likebtn_eh\" ><\/span><!-- LikeBtn.com END --><\/div>","protected":false},"excerpt":{"rendered":"<p>Marta Allendes&#8217; life is marked by international postcards. Our Hospitality Services Coordinator started at the age of 20 doing an internship in hospitality in the United States and, since then, worked for many seasons outside of Chile until the pandemic arrived. &#8220;For me it is very natural to be with people of other nationalities, it [&hellip;]<\/p>\n<div class=\"likebtn_container\" style=\"text-align:center;\"><!-- LikeBtn.com BEGIN --><span class=\"likebtn-wrapper\"  data-identifier=\"post_5337\"  data-site_id=\"6536b5cb943ec9a56a0c0631\"  data-theme=\"custom\"  data-btn_size=\"60\"  data-icon_size=\"30\"  data-icon_l_c=\"#ffffff\"  data-icon_l_c_v=\"#25bfa4\"  data-icon_d_c_v=\"#25bfa4\"  data-label_c=\"#ffffff\"  data-label_c_v=\"#ffffff\"  data-counter_l_c=\"#25bfa4\"  data-counter_d_c=\"#ffffff\"  data-bg_c=\"#153772\"  data-bg_c_v=\"#153772\"  data-brdr_c=\"#153772\"  data-f_size=\"16\"  data-counter_fs=\"b\"  data-like_enabled=\"false\"  data-dislike_enabled=\"false\"  data-icon_dislike_show=\"false\"  data-tooltip_enabled=\"false\"  data-white_label=\"true\"  data-style=\"\"  data-unlike_allowed=\"\"  data-show_copyright=\"\"  data-item_url=\"https:\/\/alma.loadingediciones.cl\/dev\/es\/do-you-recommend-marta-allendes\/\"  data-item_title=\"Do you Recommend?: Marta Allendes\"  data-item_image=\"https:\/\/alma.loadingediciones.cl\/dev\/wp-content\/uploads\/2024\/06\/DSCF0221-scaled.jpeg\"  data-item_date=\"2024-06-06T18:02:05+00:00\"  data-engine=\"WordPress\"  data-plugin_v=\"2.6.54\"  data-prx=\"https:\/\/alma.loadingediciones.cl\/dev\/wp-admin\/admin-ajax.php?action=likebtn_prx\"  data-event_handler=\"likebtn_eh\" ><\/span><!-- LikeBtn.com END --><\/div>","protected":false},"author":5,"featured_media":5338,"comment_status":"open","ping_status":"open","sticky":false,"template":"","format":"standard","meta":{"_et_pb_use_builder":"on","_et_pb_old_content":"","_et_gb_content_width":"","footnotes":""},"categories":[3],"tags":[17],"class_list":["post-5337","post","type-post","status-publish","format-standard","has-post-thumbnail","hentry","category-news","tag-alma","et-has-post-format-content","et_post_format-et-post-format-standard"],"_links":{"self":[{"href":"https:\/\/alma.loadingediciones.cl\/dev\/es\/wp-json\/wp\/v2\/posts\/5337","targetHints":{"allow":["GET"]}}],"collection":[{"href":"https:\/\/alma.loadingediciones.cl\/dev\/es\/wp-json\/wp\/v2\/posts"}],"about":[{"href":"https:\/\/alma.loadingediciones.cl\/dev\/es\/wp-json\/wp\/v2\/types\/post"}],"author":[{"embeddable":true,"href":"https:\/\/alma.loadingediciones.cl\/dev\/es\/wp-json\/wp\/v2\/users\/5"}],"replies":[{"embeddable":true,"href":"https:\/\/alma.loadingediciones.cl\/dev\/es\/wp-json\/wp\/v2\/comments?post=5337"}],"version-history":[{"count":11,"href":"https:\/\/alma.loadingediciones.cl\/dev\/es\/wp-json\/wp\/v2\/posts\/5337\/revisions"}],"predecessor-version":[{"id":5381,"href":"https:\/\/alma.loadingediciones.cl\/dev\/es\/wp-json\/wp\/v2\/posts\/5337\/revisions\/5381"}],"wp:featuredmedia":[{"embeddable":true,"href":"https:\/\/alma.loadingediciones.cl\/dev\/es\/wp-json\/wp\/v2\/media\/5338"}],"wp:attachment":[{"href":"https:\/\/alma.loadingediciones.cl\/dev\/es\/wp-json\/wp\/v2\/media?parent=5337"}],"wp:term":[{"taxonomy":"category","embeddable":true,"href":"https:\/\/alma.loadingediciones.cl\/dev\/es\/wp-json\/wp\/v2\/categories?post=5337"},{"taxonomy":"post_tag","embeddable":true,"href":"https:\/\/alma.loadingediciones.cl\/dev\/es\/wp-json\/wp\/v2\/tags?post=5337"}],"curies":[{"name":"wp","href":"https:\/\/api.w.org\/{rel}","templated":true}]}}