{"id":7457,"date":"2026-01-23T14:59:36","date_gmt":"2026-01-23T14:59:36","guid":{"rendered":"https:\/\/alma.loadingediciones.cl\/dev\/?p=7457"},"modified":"2026-01-23T16:19:36","modified_gmt":"2026-01-23T16:19:36","slug":"congreso-futuro-visits-alma-science-society-and-big-questions","status":"publish","type":"post","link":"https:\/\/alma.loadingediciones.cl\/dev\/es\/congreso-futuro-visits-alma-science-society-and-big-questions\/","title":{"rendered":"Congreso Futuro visita ALMA: ciencia, sociedad y grandes preguntas"},"content":{"rendered":"<p>[et_pb_section fb_built=&#8221;1&#8243; _builder_version=&#8221;4.19.1&#8243; _module_preset=&#8221;default&#8221; background_color=&#8221;#153772&#8243; min_height=&#8221;524.4px&#8221; custom_margin=&#8221;||0px|||&#8221; custom_padding=&#8221;30px||0px|||&#8221; collapsed=&#8221;off&#8221; global_colors_info=&#8221;{}&#8221;][et_pb_row _builder_version=&#8221;4.19.1&#8243; _module_preset=&#8221;default&#8221; min_height=&#8221;478.9px&#8221; custom_margin=&#8221;1px|auto|-5px|auto||&#8221; custom_padding=&#8221;4px||20px|||&#8221; global_colors_info=&#8221;{}&#8221;][et_pb_column type=&#8221;4_4&#8243; _builder_version=&#8221;4.19.1&#8243; _module_preset=&#8221;default&#8221; global_colors_info=&#8221;{}&#8221;][et_pb_text _builder_version=&#8221;4.19.1&#8243; _module_preset=&#8221;default&#8221; text_text_color=&#8221;#FFFFFF&#8221; text_orientation=&#8221;justified&#8221; global_colors_info=&#8221;{}&#8221;]On Sunday, January 18, ALMA welcomed a delegation from <strong>Congreso Futuro<\/strong>, el festival insignia de ciencia e ideas de Chile. La visita conect\u00f3 las conversaciones p\u00fablicas celebradas en Santiago con la vanguardia de la investigaci\u00f3n astron\u00f3mica en el plat\u00f3 de Chajnantor, reuniendo ciencia, sociedad y pensamiento a largo plazo.<\/p>\n<p class=\" translation-block\">Entre los visitantes se encontraban <strong>Guido Girardi<\/strong>, fundador del Congreso Futuro, y <strong>Michael Garret<\/strong>, profesor de la Universidad de Manchester y figura destacada del proyecto B\u00fasqueda de Inteligencia Extraterrestre (SETI).<\/p>\n<p class=\" translation-block\">Para Girardi, la visita encarnaba el esp\u00edritu del Congreso Futuro:<strong> acercar a las personas al lugar donde se crea el conocimiento<\/strong>. Destac\u00f3 que la ciencia debe experimentarse, no solo discutirse, y que abrir instalaciones de clase mundial como ALMA a un p\u00fablico m\u00e1s amplio ayuda a afianzar las grandes ideas \u2014sobre tecnolog\u00eda, humanidad y futuro\u2014 en lugares reales y en el trabajo real.<\/p>\n<p>Garrett, que visitaba ALMA por primera vez tras muchos a\u00f1os de colaboraci\u00f3n con colegas en este campo, destac\u00f3 tanto la singularidad del observatorio como su relevancia para algunas de las preguntas m\u00e1s profundas de la ciencia.<\/p>\n<p class=\" translation-block\"><em>\"ALMA es un telescopio fant\u00e1stico, no hay nada igual en todo el mundo\"<\/em>, afirm\u00f3.<\/p>\n<p class=\" translation-block\">Explic\u00f3 que la extrema sensibilidad de ALMA en longitudes de onda milim\u00e9tricas y submilim\u00e9tricas <strong>abre una ventana casi inexplorada para la investigaci\u00f3n SETI<\/strong>. Junto con un estudiante de doctorado, Garrett public\u00f3 recientemente el primer estudio que utiliza datos de archivo de ALMA para buscar se\u00f1ales artificiales, un primer paso hacia los estudios de tecnosignaturas en estas frecuencias.<\/p>\n<p class=\" translation-block\"><em>Hasta ahora, casi todo puede explicarse mediante la astrof\u00edsica\"<\/em>, se\u00f1al\u00f3. <em>\"Pero alg\u00fan d\u00eda quiz\u00e1 encontremos algo que ya no encaje, y ah\u00ed es cuando las cosas se pondr\u00e1n realmente interesantes\".<\/em><\/p>\n<p>M\u00e1s all\u00e1 de los aspectos t\u00e9cnicos, Garrett hizo hincapi\u00e9 en la dimensi\u00f3n social de la b\u00fasqueda de vida fuera de la Tierra, describi\u00e9ndola como una de las preguntas fundamentales que la ciencia le debe al p\u00fablico.<\/p>\n<p class=\" translation-block\">La visita fue organizada por el director de ALMA, Sean Dougherty, quien dio la bienvenida a la delegaci\u00f3n al observatorio y a sus operaciones a gran altitud.<\/p>\n<p><em><em>\"ALMA ampl\u00eda cada d\u00eda los l\u00edmites del conocimiento humano sobre el universo. Con la visita del Congreso Futuro, podemos mostrar c\u00f3mo la ciencia de vanguardia y la sociedad pueden encontrarse, vinculando la curiosidad, la innovaci\u00f3n y el descubrimiento\"<\/em><\/em><\/p>\n<p>Set against the dramatic Andes landscape, the Congreso Futuro visit underscored ALMA\u2019s role not only as a premier scientific facility, but also as a <strong>powerful bridge between cutting-edge research and the wider society it ultimately serves.<\/strong>[\/et_pb_text][et_pb_gallery gallery_ids=&#8221;7463,7464,7465,7466&#8243; posts_number=&#8221;5&#8243; _builder_version=&#8221;4.19.1&#8243; _module_preset=&#8221;default&#8221; global_colors_info=&#8221;{}&#8221;][\/et_pb_gallery][\/et_pb_column][\/et_pb_row][\/et_pb_section][et_pb_section fb_built=&#8221;1&#8243; _builder_version=&#8221;4.19.1&#8243; _module_preset=&#8221;default&#8221; collapsed=&#8221;off&#8221; global_colors_info=&#8221;{}&#8221;][\/et_pb_section]<\/p>\n<div class=\"likebtn_container\" style=\"text-align:center;\"><!-- LikeBtn.com BEGIN --><span class=\"likebtn-wrapper\"  data-identifier=\"post_7457\"  data-site_id=\"6536b5cb943ec9a56a0c0631\"  data-theme=\"custom\"  data-btn_size=\"60\"  data-icon_size=\"30\"  data-icon_l_c=\"#ffffff\"  data-icon_l_c_v=\"#25bfa4\"  data-icon_d_c_v=\"#25bfa4\"  data-label_c=\"#ffffff\"  data-label_c_v=\"#ffffff\"  data-counter_l_c=\"#25bfa4\"  data-counter_d_c=\"#ffffff\"  data-bg_c=\"#153772\"  data-bg_c_v=\"#153772\"  data-brdr_c=\"#153772\"  data-f_size=\"16\"  data-counter_fs=\"b\"  data-like_enabled=\"false\"  data-dislike_enabled=\"false\"  data-icon_dislike_show=\"false\"  data-tooltip_enabled=\"false\"  data-white_label=\"true\"  data-style=\"\"  data-unlike_allowed=\"\"  data-show_copyright=\"\"  data-item_url=\"https:\/\/alma.loadingediciones.cl\/dev\/es\/congreso-futuro-visits-alma-science-society-and-big-questions\/\"  data-item_title=\"Congreso Futuro visits ALMA: science, society, and big questions\"  data-item_image=\"https:\/\/alma.loadingediciones.cl\/dev\/wp-content\/uploads\/2026\/01\/IMG_4843-e1769180360244.jpeg\"  data-item_date=\"2026-01-23T14:59:36+00:00\"  data-engine=\"WordPress\"  data-plugin_v=\"2.6.54\"  data-prx=\"https:\/\/alma.loadingediciones.cl\/dev\/wp-admin\/admin-ajax.php?action=likebtn_prx\"  data-event_handler=\"likebtn_eh\" ><\/span><!-- LikeBtn.com END --><\/div>","protected":false},"excerpt":{"rendered":"<p>On Sunday, January 18, ALMA welcomed a delegation from Congreso Futuro, Chile\u2019s flagship science and ideas festival. The visit connected the public conversations held in Santiago with the frontier of astronomical research on the Chajnantor Plateau, bringing together science, society, and long-term thinking. Among the visitors were Guido Girardi, founder of Congreso Futuro, and Michael [&hellip;]<\/p>\n<div class=\"likebtn_container\" style=\"text-align:center;\"><!-- LikeBtn.com BEGIN --><span class=\"likebtn-wrapper\"  data-identifier=\"post_7457\"  data-site_id=\"6536b5cb943ec9a56a0c0631\"  data-theme=\"custom\"  data-btn_size=\"60\"  data-icon_size=\"30\"  data-icon_l_c=\"#ffffff\"  data-icon_l_c_v=\"#25bfa4\"  data-icon_d_c_v=\"#25bfa4\"  data-label_c=\"#ffffff\"  data-label_c_v=\"#ffffff\"  data-counter_l_c=\"#25bfa4\"  data-counter_d_c=\"#ffffff\"  data-bg_c=\"#153772\"  data-bg_c_v=\"#153772\"  data-brdr_c=\"#153772\"  data-f_size=\"16\"  data-counter_fs=\"b\"  data-like_enabled=\"false\"  data-dislike_enabled=\"false\"  data-icon_dislike_show=\"false\"  data-tooltip_enabled=\"false\"  data-white_label=\"true\"  data-style=\"\"  data-unlike_allowed=\"\"  data-show_copyright=\"\"  data-item_url=\"https:\/\/alma.loadingediciones.cl\/dev\/es\/congreso-futuro-visits-alma-science-society-and-big-questions\/\"  data-item_title=\"Congreso Futuro visits ALMA: science, society, and big questions\"  data-item_image=\"https:\/\/alma.loadingediciones.cl\/dev\/wp-content\/uploads\/2026\/01\/IMG_4843-e1769180360244.jpeg\"  data-item_date=\"2026-01-23T14:59:36+00:00\"  data-engine=\"WordPress\"  data-plugin_v=\"2.6.54\"  data-prx=\"https:\/\/alma.loadingediciones.cl\/dev\/wp-admin\/admin-ajax.php?action=likebtn_prx\"  data-event_handler=\"likebtn_eh\" ><\/span><!-- LikeBtn.com END --><\/div>","protected":false},"author":5,"featured_media":7467,"comment_status":"open","ping_status":"open","sticky":false,"template":"","format":"standard","meta":{"_et_pb_use_builder":"on","_et_pb_old_content":"","_et_gb_content_width":"","footnotes":""},"categories":[3],"tags":[17],"class_list":["post-7457","post","type-post","status-publish","format-standard","has-post-thumbnail","hentry","category-news","tag-alma","et-has-post-format-content","et_post_format-et-post-format-standard"],"_links":{"self":[{"href":"https:\/\/alma.loadingediciones.cl\/dev\/es\/wp-json\/wp\/v2\/posts\/7457","targetHints":{"allow":["GET"]}}],"collection":[{"href":"https:\/\/alma.loadingediciones.cl\/dev\/es\/wp-json\/wp\/v2\/posts"}],"about":[{"href":"https:\/\/alma.loadingediciones.cl\/dev\/es\/wp-json\/wp\/v2\/types\/post"}],"author":[{"embeddable":true,"href":"https:\/\/alma.loadingediciones.cl\/dev\/es\/wp-json\/wp\/v2\/users\/5"}],"replies":[{"embeddable":true,"href":"https:\/\/alma.loadingediciones.cl\/dev\/es\/wp-json\/wp\/v2\/comments?post=7457"}],"version-history":[{"count":10,"href":"https:\/\/alma.loadingediciones.cl\/dev\/es\/wp-json\/wp\/v2\/posts\/7457\/revisions"}],"predecessor-version":[{"id":7478,"href":"https:\/\/alma.loadingediciones.cl\/dev\/es\/wp-json\/wp\/v2\/posts\/7457\/revisions\/7478"}],"wp:featuredmedia":[{"embeddable":true,"href":"https:\/\/alma.loadingediciones.cl\/dev\/es\/wp-json\/wp\/v2\/media\/7467"}],"wp:attachment":[{"href":"https:\/\/alma.loadingediciones.cl\/dev\/es\/wp-json\/wp\/v2\/media?parent=7457"}],"wp:term":[{"taxonomy":"category","embeddable":true,"href":"https:\/\/alma.loadingediciones.cl\/dev\/es\/wp-json\/wp\/v2\/categories?post=7457"},{"taxonomy":"post_tag","embeddable":true,"href":"https:\/\/alma.loadingediciones.cl\/dev\/es\/wp-json\/wp\/v2\/tags?post=7457"}],"curies":[{"name":"wp","href":"https:\/\/api.w.org\/{rel}","templated":true}]}}