{"id":7769,"date":"2026-04-30T20:48:58","date_gmt":"2026-04-30T20:48:58","guid":{"rendered":"https:\/\/alma.loadingediciones.cl\/dev\/?p=7769"},"modified":"2026-04-30T20:49:03","modified_gmt":"2026-04-30T20:49:03","slug":"antennas-virtual-reality-and-the-cosmos-alma-captivates-at-puerto-de-ideas","status":"publish","type":"post","link":"https:\/\/alma.loadingediciones.cl\/dev\/es\/antennas-virtual-reality-and-the-cosmos-alma-captivates-at-puerto-de-ideas\/","title":{"rendered":"Antenas, realidad virtual y cosmos: ALMA cautiv\u00f3 en Puerto de Ideas"},"content":{"rendered":"<p>[et_pb_section fb_built=&#8221;1&#8243; _builder_version=&#8221;4.19.1&#8243; _module_preset=&#8221;default&#8221; background_color=&#8221;#153772&#8243; min_height=&#8221;524.4px&#8221; custom_margin=&#8221;||0px|||&#8221; custom_padding=&#8221;30px||0px|||&#8221; collapsed=&#8221;off&#8221; global_colors_info=&#8221;{}&#8221;][et_pb_row _builder_version=&#8221;4.19.1&#8243; _module_preset=&#8221;default&#8221; min_height=&#8221;478.9px&#8221; custom_margin=&#8221;1px|auto|-5px|auto||&#8221; custom_padding=&#8221;4px||20px|||&#8221; global_colors_info=&#8221;{}&#8221;][et_pb_column type=&#8221;4_4&#8243; _builder_version=&#8221;4.19.1&#8243; _module_preset=&#8221;default&#8221; global_colors_info=&#8221;{}&#8221;][et_pb_text _builder_version=&#8221;4.19.1&#8243; _module_preset=&#8221;default&#8221; text_text_color=&#8221;#FFFFFF&#8221; text_orientation=&#8221;justified&#8221; global_colors_info=&#8221;{}&#8221;]<\/p>\n<p>Entre el 23 y el 26 de abril, ALMA fue parte del festival Puerto de Ideas Antofagasta, uno de los encuentros de divulgaci\u00f3n cient\u00edfica m\u00e1s relevantes del pa\u00eds, que este a\u00f1o reuni\u00f3 a m\u00e1s de 22.000 asistentes. Con una propuesta centrada en la experiencia interactiva, el stand de ALMA se transform\u00f3 en un punto de encuentro especialmente atractivo para los estudiantes, quienes demostraron asombro y curiosidad al descubrir las distintas actividades. Entre estas, destac\u00f3 la posibilidad de \u201cviajar\u201d al llano de Chajnantor para observar de cerca las antenas del observatorio, utilizando lentes de realidad virtual.<\/p>\n<p class=\" translation-block\"><em>\u201cRealmente impactante la experiencia de estar en ALMA. Hab\u00eda visto im\u00e1genes antes, pero vivirlo en persona es totalmente distinto: es algo envolvente y muy potente. Tambi\u00e9n me hizo imaginar c\u00f3mo se siente ese entorno extremo \u2014la altura, la sequedad, el fr\u00edo y el viento\u2014 y c\u00f3mo, desde un lugar tan cercano al cielo, se logra capturar informaci\u00f3n clave, incluso para obtener im\u00e1genes como la del agujero negro que se dio a conocer hace un tiempo\u201d<\/em>, asegur\u00f3 el alcalde de Antofagasta, <strong>Sacha Razmilic<\/strong>, quien vivi\u00f3 la experiencia de este \u201cviaje\u201d.<\/p>\n<p>El evento tambi\u00e9n incluy\u00f3 la interacci\u00f3n con prototipos de descubrimientos astron\u00f3micos de ALMA, la oportunidad de sostener en sus manos una antena de realidad aumentada, colorear se\u00f1ales de ondas de radio, encontrar mensajes ocultos observando a trav\u00e9s de filtros de colores, y la posibilidad de disfrutar de microcuentos astron\u00f3micos. Todo esto fue guiado por mediadoras y mediadores del stand, quienes acompa\u00f1aron a los asistentes resolviendo dudas y acercando conceptos complejos de la radioastronom\u00eda de manera did\u00e1ctica, despertando as\u00ed su curiosidad cient\u00edfica y su inter\u00e9s por el trabajo del observatorio.<\/p>\n<p>La experiencia fue percibida como cercana, envolvente y profundamente emocionante. Los asistentes destacaron c\u00f3mo la tecnolog\u00eda les permiti\u00f3 conectar con \u2018las maravillas del universo\u2019, haciendo que algo que parec\u00eda tan lejano, se sintiera al alcance. Para muchas familias, fue un momento especialmente significativo: compartirlo con los hijos transform\u00f3 la actividad en algo memorable, casi como cumplir un sue\u00f1o largamente esperado de ver las estrellas de una forma completamente nueva.<\/p>\n<p class=\" translation-block\">\u201c<em>La participaci\u00f3n de ALMA en este tipo de instancias refuerza su compromiso con la divulgaci\u00f3n cient\u00edfica, acercando el conocimiento y el desarrollo astron\u00f3mico a la comunidad, despertando la curiosidad por comprender nuestros or\u00edgenes c\u00f3smicos<\/em>\u201d, comenta <strong>Karina Haller<\/strong>, Education and Public Outreach Manager.<\/p>\n<p>El equipo que atendi\u00f3 el stand de ALMA estuvo compuesto por Karina Haller y Danilo Vidal de JAO; y por Lissette Donoso y Flor Candia, mediadoras externas que nos acompa\u00f1an en distintos eventos hace casi 10 a\u00f1os.<\/p>\n<p>[\/et_pb_text][\/et_pb_column][\/et_pb_row][et_pb_row _builder_version=&#8221;4.19.1&#8243; _module_preset=&#8221;default&#8221; global_colors_info=&#8221;{}&#8221;][et_pb_column type=&#8221;4_4&#8243; _builder_version=&#8221;4.19.1&#8243; _module_preset=&#8221;default&#8221; global_colors_info=&#8221;{}&#8221;][et_pb_gallery gallery_ids=&#8221;7777,7778,7779,7780,7781,7782,7783,7784,7785,7786,7787,7788,7789,7790,7791,7792&#8243; posts_number=&#8221;8&#8243; _builder_version=&#8221;4.19.1&#8243; _module_preset=&#8221;default&#8221; global_colors_info=&#8221;{}&#8221;][\/et_pb_gallery][\/et_pb_column][\/et_pb_row][\/et_pb_section]<\/p>\n<div class=\"likebtn_container\" style=\"text-align:center;\"><!-- LikeBtn.com BEGIN --><span class=\"likebtn-wrapper\"  data-identifier=\"post_7769\"  data-site_id=\"6536b5cb943ec9a56a0c0631\"  data-theme=\"custom\"  data-btn_size=\"60\"  data-icon_size=\"30\"  data-icon_l_c=\"#ffffff\"  data-icon_l_c_v=\"#25bfa4\"  data-icon_d_c_v=\"#25bfa4\"  data-label_c=\"#ffffff\"  data-label_c_v=\"#ffffff\"  data-counter_l_c=\"#25bfa4\"  data-counter_d_c=\"#ffffff\"  data-bg_c=\"#153772\"  data-bg_c_v=\"#153772\"  data-brdr_c=\"#153772\"  data-f_size=\"16\"  data-counter_fs=\"b\"  data-like_enabled=\"false\"  data-dislike_enabled=\"false\"  data-icon_dislike_show=\"false\"  data-tooltip_enabled=\"false\"  data-white_label=\"true\"  data-style=\"\"  data-unlike_allowed=\"\"  data-show_copyright=\"\"  data-item_url=\"https:\/\/alma.loadingediciones.cl\/dev\/es\/antennas-virtual-reality-and-the-cosmos-alma-captivates-at-puerto-de-ideas\/\"  data-item_title=\"Antennas, Virtual Reality, and the Cosmos: ALMA Captivates at Puerto de Ideas\"  data-item_image=\"https:\/\/alma.loadingediciones.cl\/dev\/wp-content\/uploads\/2026\/04\/Gemini_Generated_Image_ra3qewra3qewra3q.png\"  data-item_date=\"2026-04-30T20:48:58+00:00\"  data-engine=\"WordPress\"  data-plugin_v=\"2.6.54\"  data-prx=\"https:\/\/alma.loadingediciones.cl\/dev\/wp-admin\/admin-ajax.php?action=likebtn_prx\"  data-event_handler=\"likebtn_eh\" ><\/span><!-- LikeBtn.com END --><\/div>","protected":false},"excerpt":{"rendered":"<p>From April 23 to 26, ALMA participated in the Puerto de Ideas Antofagasta festival, one of the country\u2019s most significant science outreach events, which this year drew more than 22,000 attendees. With a focus on interactive experiences, the ALMA booth became a particularly attractive gathering spot for students, who expressed amazement and curiosity as they [&hellip;]<\/p>\n<div class=\"likebtn_container\" style=\"text-align:center;\"><!-- LikeBtn.com BEGIN --><span class=\"likebtn-wrapper\"  data-identifier=\"post_7769\"  data-site_id=\"6536b5cb943ec9a56a0c0631\"  data-theme=\"custom\"  data-btn_size=\"60\"  data-icon_size=\"30\"  data-icon_l_c=\"#ffffff\"  data-icon_l_c_v=\"#25bfa4\"  data-icon_d_c_v=\"#25bfa4\"  data-label_c=\"#ffffff\"  data-label_c_v=\"#ffffff\"  data-counter_l_c=\"#25bfa4\"  data-counter_d_c=\"#ffffff\"  data-bg_c=\"#153772\"  data-bg_c_v=\"#153772\"  data-brdr_c=\"#153772\"  data-f_size=\"16\"  data-counter_fs=\"b\"  data-like_enabled=\"false\"  data-dislike_enabled=\"false\"  data-icon_dislike_show=\"false\"  data-tooltip_enabled=\"false\"  data-white_label=\"true\"  data-style=\"\"  data-unlike_allowed=\"\"  data-show_copyright=\"\"  data-item_url=\"https:\/\/alma.loadingediciones.cl\/dev\/es\/antennas-virtual-reality-and-the-cosmos-alma-captivates-at-puerto-de-ideas\/\"  data-item_title=\"Antennas, Virtual Reality, and the Cosmos: ALMA Captivates at Puerto de Ideas\"  data-item_image=\"https:\/\/alma.loadingediciones.cl\/dev\/wp-content\/uploads\/2026\/04\/Gemini_Generated_Image_ra3qewra3qewra3q.png\"  data-item_date=\"2026-04-30T20:48:58+00:00\"  data-engine=\"WordPress\"  data-plugin_v=\"2.6.54\"  data-prx=\"https:\/\/alma.loadingediciones.cl\/dev\/wp-admin\/admin-ajax.php?action=likebtn_prx\"  data-event_handler=\"likebtn_eh\" ><\/span><!-- LikeBtn.com END --><\/div>","protected":false},"author":5,"featured_media":7797,"comment_status":"open","ping_status":"open","sticky":false,"template":"","format":"standard","meta":{"_et_pb_use_builder":"on","_et_pb_old_content":"","_et_gb_content_width":"","footnotes":""},"categories":[3],"tags":[17],"class_list":["post-7769","post","type-post","status-publish","format-standard","has-post-thumbnail","hentry","category-news","tag-alma","et-has-post-format-content","et_post_format-et-post-format-standard"],"_links":{"self":[{"href":"https:\/\/alma.loadingediciones.cl\/dev\/es\/wp-json\/wp\/v2\/posts\/7769","targetHints":{"allow":["GET"]}}],"collection":[{"href":"https:\/\/alma.loadingediciones.cl\/dev\/es\/wp-json\/wp\/v2\/posts"}],"about":[{"href":"https:\/\/alma.loadingediciones.cl\/dev\/es\/wp-json\/wp\/v2\/types\/post"}],"author":[{"embeddable":true,"href":"https:\/\/alma.loadingediciones.cl\/dev\/es\/wp-json\/wp\/v2\/users\/5"}],"replies":[{"embeddable":true,"href":"https:\/\/alma.loadingediciones.cl\/dev\/es\/wp-json\/wp\/v2\/comments?post=7769"}],"version-history":[{"count":10,"href":"https:\/\/alma.loadingediciones.cl\/dev\/es\/wp-json\/wp\/v2\/posts\/7769\/revisions"}],"predecessor-version":[{"id":7800,"href":"https:\/\/alma.loadingediciones.cl\/dev\/es\/wp-json\/wp\/v2\/posts\/7769\/revisions\/7800"}],"wp:featuredmedia":[{"embeddable":true,"href":"https:\/\/alma.loadingediciones.cl\/dev\/es\/wp-json\/wp\/v2\/media\/7797"}],"wp:attachment":[{"href":"https:\/\/alma.loadingediciones.cl\/dev\/es\/wp-json\/wp\/v2\/media?parent=7769"}],"wp:term":[{"taxonomy":"category","embeddable":true,"href":"https:\/\/alma.loadingediciones.cl\/dev\/es\/wp-json\/wp\/v2\/categories?post=7769"},{"taxonomy":"post_tag","embeddable":true,"href":"https:\/\/alma.loadingediciones.cl\/dev\/es\/wp-json\/wp\/v2\/tags?post=7769"}],"curies":[{"name":"wp","href":"https:\/\/api.w.org\/{rel}","templated":true}]}}