{"id":133,"date":"2022-04-08T21:00:50","date_gmt":"2022-04-08T21:00:50","guid":{"rendered":"https:\/\/alma.loadingediciones.cl\/dev\/?p=133"},"modified":"2022-05-11T18:54:49","modified_gmt":"2022-05-11T18:54:49","slug":"progress-rto","status":"publish","type":"post","link":"https:\/\/alma.loadingediciones.cl\/dev\/progress-rto\/","title":{"rendered":"Changes in RTO protocols, but the pandemic has not ended"},"content":{"rendered":"<p>[et_pb_section fb_built=&#8221;1&#8243; _builder_version=&#8221;4.16&#8243; global_colors_info=&#8221;{}&#8221;][et_pb_row _builder_version=&#8221;4.16&#8243; background_size=&#8221;initial&#8221; background_position=&#8221;top_left&#8221; background_repeat=&#8221;repeat&#8221; global_colors_info=&#8221;{}&#8221;][et_pb_column type=&#8221;4_4&#8243; _builder_version=&#8221;4.16&#8243; custom_padding=&#8221;|||&#8221; global_colors_info=&#8221;{}&#8221; custom_padding__hover=&#8221;|||&#8221;][et_pb_text _builder_version=&#8221;4.17.3&#8243; background_size=&#8221;initial&#8221; background_position=&#8221;top_left&#8221; background_repeat=&#8221;repeat&#8221; global_colors_info=&#8221;{}&#8221;]<\/p>\n<div class=\"vc_row wpb_row vc_row-fluid\">\n<div class=\"wpb_column vc_column_container vc_col-sm-12\">\n<div class=\"vc_column-inner\">\n<div class=\"wpb_wrapper\">\n<div class=\"wpb_text_column wpb_content_element \">\n<div class=\"wpb_wrapper\">\n<p>Satisfaction and joy have been generated by the changes in Covid-19 infection prevention measures that many of us have already been able to experience.<\/p>\n<p><strong>The removal of acrylic dividers in a large part of the OSF dining room<\/strong><span>\u00a0<\/span>was one of the most noticeable and commented changes:<\/p>\n<\/div>\n<\/div>\n<\/div>\n<\/div>\n<\/div>\n<\/div>\n<div class=\"vc_row wpb_row vc_row-fluid\">\n<div class=\"wpb_column vc_column_container vc_col-sm-12\">\n<div class=\"vc_column-inner\">\n<div class=\"wpb_wrapper\">\n<div class=\"wpb_text_column wpb_content_element \">\n<div class=\"wpb_wrapper\">\n<p><em>\u201cI think it\u2019s excellent because now we can have a little more rapprochement with our colleagues,<\/em>\u201d Osvaldo Mu\u00f1oz, water treatment operator at Resiter, tells us.<span>\u00a0<\/span><em>\u201cWe can talk more calmly, always respecting distance and protocol, but it is good to be able to meet at lunchtime,\u201d<\/em><span>\u00a0<\/span>he adds.<\/p>\n<p>Luis Rebolledo, Administrator of Copec also comments: \u201c<em>If all the people enter with a negative antigen test, we think it is good that this restriction has been lifted\u201d.<\/em><\/p>\n<\/div>\n<\/div>\n<\/div>\n<\/div>\n<\/div>\n<\/div>\n<p><!-- \/wp:paragraph --><\/p>\n<p>[\/et_pb_text][et_pb_gallery gallery_ids=&#8221;1292&#8243; fullwidth=&#8221;on&#8221; _builder_version=&#8221;4.17.3&#8243; _module_preset=&#8221;default&#8221; caption_text_align=&#8221;justify&#8221; global_colors_info=&#8221;{}&#8221;][\/et_pb_gallery][\/et_pb_column][\/et_pb_row][et_pb_row _builder_version=&#8221;4.17.3&#8243; _module_preset=&#8221;default&#8221; global_colors_info=&#8221;{}&#8221;][et_pb_column type=&#8221;4_4&#8243; _builder_version=&#8221;4.17.3&#8243; _module_preset=&#8221;default&#8221; global_colors_info=&#8221;{}&#8221;][et_pb_text _builder_version=&#8221;4.17.3&#8243; _module_preset=&#8221;default&#8221; global_colors_info=&#8221;{}&#8221;]<\/p>\n<div class=\"vc_row wpb_row vc_row-fluid\">\n<div class=\"wpb_column vc_column_container vc_col-sm-12\">\n<div class=\"vc_column-inner\">\n<div class=\"wpb_wrapper\">\n<div class=\"wpb_text_column wpb_content_element \">\n<div class=\"wpb_wrapper\">\n<p>And soon the casino dividers at SCO will also be removed.<\/p>\n<p>Thanks to the RTO, during the last shift change, the Front Line Software Support Engineer (FLSSE) team had the opportunity to meet completely, in a spontaneous meeting, for the first time in person. Isaac Goicovich and Enzo Barbagueletta agree that this type of meeting is fundamental to strengthen the bonds between colleagues and look forward to the next occasion, this time at SCO.<\/p>\n<\/div>\n<\/div>\n<\/div>\n<\/div>\n<\/div>\n<\/div>\n<p>[\/et_pb_text][\/et_pb_column][\/et_pb_row][et_pb_row _builder_version=&#8221;4.17.3&#8243; _module_preset=&#8221;default&#8221; global_colors_info=&#8221;{}&#8221;][et_pb_column type=&#8221;4_4&#8243; _builder_version=&#8221;4.17.3&#8243; _module_preset=&#8221;default&#8221; global_colors_info=&#8221;{}&#8221;][et_pb_image src=&#8221;https:\/\/alma.loadingediciones.cl\/dev\/wp-content\/uploads\/2022\/05\/equipo-FLSSE.jpg&#8221; title_text=&#8221;equipo-FLSSE&#8221; _builder_version=&#8221;4.17.3&#8243; _module_preset=&#8221;default&#8221; global_colors_info=&#8221;{}&#8221;][\/et_pb_image][\/et_pb_column][\/et_pb_row][et_pb_row _builder_version=&#8221;4.17.3&#8243; _module_preset=&#8221;default&#8221; global_colors_info=&#8221;{}&#8221;][et_pb_column type=&#8221;4_4&#8243; _builder_version=&#8221;4.17.3&#8243; _module_preset=&#8221;default&#8221; global_colors_info=&#8221;{}&#8221;][et_pb_text _builder_version=&#8221;4.17.3&#8243; _module_preset=&#8221;default&#8221; global_colors_info=&#8221;{}&#8221;]<\/p>\n<p><span>Front Line Software Support Engineer (FLSSE) team.<\/span><\/p>\n<p>[\/et_pb_text][\/et_pb_column][\/et_pb_row][et_pb_row column_structure=&#8221;1_4,3_4&#8243; _builder_version=&#8221;4.17.3&#8243; _module_preset=&#8221;default&#8221; global_colors_info=&#8221;{}&#8221;][et_pb_column type=&#8221;1_4&#8243; _builder_version=&#8221;4.17.3&#8243; _module_preset=&#8221;default&#8221; global_colors_info=&#8221;{}&#8221;][et_pb_image src=&#8221;https:\/\/alma.loadingediciones.cl\/dev\/wp-content\/uploads\/2022\/05\/belen.jpg&#8221; title_text=&#8221;belen&#8221; _builder_version=&#8221;4.17.3&#8243; _module_preset=&#8221;default&#8221; border_radii=&#8221;on|100px|100px|100px|100px&#8221; border_width_all=&#8221;3px&#8221; border_color_all=&#8221;#00C0C7&#8243; global_colors_info=&#8221;{}&#8221;][\/et_pb_image][\/et_pb_column][et_pb_column type=&#8221;3_4&#8243; _builder_version=&#8221;4.17.3&#8243; _module_preset=&#8221;default&#8221; global_colors_info=&#8221;{}&#8221;][et_pb_text _builder_version=&#8221;4.17.3&#8243; _module_preset=&#8221;default&#8221; global_colors_info=&#8221;{}&#8221;]<\/p>\n<p><em>\u201cBeing able to interact in person allows us to generate more fluid collaboration,\u201d<\/em><span>\u00a0Mar\u00eda Jes\u00fas L\u00f3pez, Front Line Software Support Engineer, tells us.\u00a0<\/span><em>\u201cSeveral of my colleagues joined the team during the pandemic and we worked side by side virtually, even having coffee breaks on video calls, but this is different\u201d.<\/em><\/p>\n<p>[\/et_pb_text][\/et_pb_column][\/et_pb_row][et_pb_row _builder_version=&#8221;4.17.3&#8243; _module_preset=&#8221;default&#8221; global_colors_info=&#8221;{}&#8221;][et_pb_column type=&#8221;4_4&#8243; _builder_version=&#8221;4.17.3&#8243; _module_preset=&#8221;default&#8221; global_colors_info=&#8221;{}&#8221;][et_pb_text _builder_version=&#8221;4.17.3&#8243; _module_preset=&#8221;default&#8221; global_colors_info=&#8221;{}&#8221;]<\/p>\n<p><span>Another of the changes introduced in the protocol is the\u00a0<\/span><strong>non-requirement to wear bracelets or electronic bracelets for distancing<\/strong><span>. On this point, Mar\u00eda Jes\u00fas comments:\u00a0<\/span><em>\u201cWe have very little contact with users. It\u2019s nice not to have to wear the bracelet because we ran the risk of forgetting to charge it, plus, along with the watch, we had two devices on our wrist. However, we always keep our social distance and work with a mask. Today, we are already unconsciously careful with our peers\u201d.<\/em><\/p>\n<p>[\/et_pb_text][\/et_pb_column][\/et_pb_row][et_pb_row _builder_version=&#8221;4.17.3&#8243; _module_preset=&#8221;default&#8221; global_colors_info=&#8221;{}&#8221;][et_pb_column type=&#8221;4_4&#8243; _builder_version=&#8221;4.17.3&#8243; _module_preset=&#8221;default&#8221; global_colors_info=&#8221;{}&#8221;][et_pb_image src=&#8221;https:\/\/alma.loadingediciones.cl\/dev\/wp-content\/uploads\/2022\/05\/Llegada-scaled-1.jpg&#8221; title_text=&#8221;Llegada-scaled&#8221; _builder_version=&#8221;4.17.3&#8243; _module_preset=&#8221;default&#8221; global_colors_info=&#8221;{}&#8221;][\/et_pb_image][\/et_pb_column][\/et_pb_row][et_pb_row column_structure=&#8221;2_3,1_3&#8243; _builder_version=&#8221;4.17.3&#8243; _module_preset=&#8221;default&#8221; global_colors_info=&#8221;{}&#8221;][et_pb_column type=&#8221;2_3&#8243; _builder_version=&#8221;4.17.3&#8243; _module_preset=&#8221;default&#8221; global_colors_info=&#8221;{}&#8221;][et_pb_text _builder_version=&#8221;4.17.3&#8243; _module_preset=&#8221;default&#8221; global_colors_info=&#8221;{}&#8221;]<\/p>\n<p><span>Francisco Pino, Technician I (Electronics), also celebrated the changes he perceived upon entering the last shift.\u00a0 For him,\u00a0<\/span><em>\u201cthe entrance to the OSF is expeditious and, although we are delayed at the entrance, we no longer have to spend our rest time taking the PCR, which used to take some of us several hours\u201d.<\/em><\/p>\n<p>[\/et_pb_text][\/et_pb_column][et_pb_column type=&#8221;1_3&#8243; _builder_version=&#8221;4.17.3&#8243; _module_preset=&#8221;default&#8221; global_colors_info=&#8221;{}&#8221;][et_pb_image src=&#8221;https:\/\/alma.loadingediciones.cl\/dev\/wp-content\/uploads\/2022\/05\/Francisco-Pino-scaled-e1649096600304-1753&#215;1753-1.jpg&#8221; title_text=&#8221;Francisco-Pino-scaled-e1649096600304-1753&#215;1753&#8243; _builder_version=&#8221;4.17.3&#8243; _module_preset=&#8221;default&#8221; border_radii=&#8221;on|290px|290px|290px|290px&#8221; border_width_all=&#8221;3px&#8221; border_color_all=&#8221;#00C0C7&#8243; global_colors_info=&#8221;{}&#8221;][\/et_pb_image][\/et_pb_column][\/et_pb_row][et_pb_row column_structure=&#8221;1_4,3_4&#8243; admin_label=&#8221;jorge pino&#8221; _builder_version=&#8221;4.17.3&#8243; _module_preset=&#8221;default&#8221; global_colors_info=&#8221;{}&#8221;][et_pb_column type=&#8221;1_4&#8243; _builder_version=&#8221;4.17.3&#8243; _module_preset=&#8221;default&#8221; global_colors_info=&#8221;{}&#8221;][et_pb_image src=&#8221;https:\/\/alma.loadingediciones.cl\/dev\/wp-content\/uploads\/2022\/05\/Jorge-Sepulveda-scaled-e1649096496759-1907&#215;1907-1.jpg&#8221; title_text=&#8221;Jorge-Sepulveda-scaled-e1649096496759-1907&#215;1907&#8243; _builder_version=&#8221;4.17.3&#8243; _module_preset=&#8221;default&#8221; border_radii=&#8221;on|100px|100px|100px|100px&#8221; border_width_all=&#8221;3px&#8221; border_color_all=&#8221;#00C0C7&#8243; global_colors_info=&#8221;{}&#8221;][\/et_pb_image][\/et_pb_column][et_pb_column type=&#8221;3_4&#8243; _builder_version=&#8221;4.17.3&#8243; _module_preset=&#8221;default&#8221; global_colors_info=&#8221;{}&#8221;][et_pb_text _builder_version=&#8221;4.17.3&#8243; _module_preset=&#8221;default&#8221; global_colors_info=&#8221;{}&#8221;]<\/p>\n<p><span>Jorge Sep\u00falveda, recently integrated to the Safety team as Risk Prevention Analyst, points out:\u00a0<\/span><em>\u201cDespite the new changes in our entry and stay procedures at OSF, the call to all our colleagues is not to lower our guard in self-care to minimize the risks of contagion and to ensure that our team arrives home healthy. The pandemic is not over yet.\u201d<\/em><\/p>\n<p>[\/et_pb_text][\/et_pb_column][\/et_pb_row][et_pb_row _builder_version=&#8221;4.17.3&#8243; _module_preset=&#8221;default&#8221; global_colors_info=&#8221;{}&#8221;][et_pb_column type=&#8221;4_4&#8243; _builder_version=&#8221;4.17.3&#8243; _module_preset=&#8221;default&#8221; global_colors_info=&#8221;{}&#8221;][et_pb_image src=&#8221;https:\/\/alma.loadingediciones.cl\/dev\/wp-content\/uploads\/2022\/05\/kit-scaled-1.jpg&#8221; title_text=&#8221;kit-scaled&#8221; _builder_version=&#8221;4.17.3&#8243; _module_preset=&#8221;default&#8221; global_colors_info=&#8221;{}&#8221;][\/et_pb_image][\/et_pb_column][\/et_pb_row][\/et_pb_section]<\/p>\n<div class=\"likebtn_container\" style=\"text-align:center;\"><!-- LikeBtn.com BEGIN --><span class=\"likebtn-wrapper\"  data-identifier=\"post_133\"  data-site_id=\"6536b5cb943ec9a56a0c0631\"  data-theme=\"custom\"  data-btn_size=\"60\"  data-icon_size=\"30\"  data-icon_l_c=\"#ffffff\"  data-icon_l_c_v=\"#25bfa4\"  data-icon_d_c_v=\"#25bfa4\"  data-label_c=\"#ffffff\"  data-label_c_v=\"#ffffff\"  data-counter_l_c=\"#25bfa4\"  data-counter_d_c=\"#ffffff\"  data-bg_c=\"#153772\"  data-bg_c_v=\"#153772\"  data-brdr_c=\"#153772\"  data-f_size=\"16\"  data-counter_fs=\"b\"  data-like_enabled=\"false\"  data-dislike_enabled=\"false\"  data-icon_dislike_show=\"false\"  data-tooltip_enabled=\"false\"  data-white_label=\"true\"  data-style=\"\"  data-unlike_allowed=\"\"  data-show_copyright=\"\"  data-item_url=\"https:\/\/alma.loadingediciones.cl\/dev\/progress-rto\/\"  data-item_title=\"Changes in RTO protocols, but the pandemic has not ended\"  data-item_image=\"https:\/\/alma.loadingediciones.cl\/dev\/wp-content\/uploads\/2022\/04\/antigeno-scaled-e1649168843874-1040x400-1.jpg\"  data-item_date=\"2022-04-08T21:00:50+00:00\"  data-engine=\"WordPress\"  data-plugin_v=\"2.6.54\"  data-prx=\"https:\/\/alma.loadingediciones.cl\/dev\/wp-admin\/admin-ajax.php?action=likebtn_prx\"  data-event_handler=\"likebtn_eh\" ><\/span><!-- LikeBtn.com END --><\/div>","protected":false},"excerpt":{"rendered":"<p>Since March 17, thanks to Very Long Baseline Interferometry (VLBI), our antennas join every day or night an observing network with 10 other stations located in Europe, North America, Chile and the South Pole.<\/p>\n<div class=\"likebtn_container\" style=\"text-align:center;\"><!-- LikeBtn.com BEGIN --><span class=\"likebtn-wrapper\"  data-identifier=\"post_133\"  data-site_id=\"6536b5cb943ec9a56a0c0631\"  data-theme=\"custom\"  data-btn_size=\"60\"  data-icon_size=\"30\"  data-icon_l_c=\"#ffffff\"  data-icon_l_c_v=\"#25bfa4\"  data-icon_d_c_v=\"#25bfa4\"  data-label_c=\"#ffffff\"  data-label_c_v=\"#ffffff\"  data-counter_l_c=\"#25bfa4\"  data-counter_d_c=\"#ffffff\"  data-bg_c=\"#153772\"  data-bg_c_v=\"#153772\"  data-brdr_c=\"#153772\"  data-f_size=\"16\"  data-counter_fs=\"b\"  data-like_enabled=\"false\"  data-dislike_enabled=\"false\"  data-icon_dislike_show=\"false\"  data-tooltip_enabled=\"false\"  data-white_label=\"true\"  data-style=\"\"  data-unlike_allowed=\"\"  data-show_copyright=\"\"  data-item_url=\"https:\/\/alma.loadingediciones.cl\/dev\/progress-rto\/\"  data-item_title=\"Changes in RTO protocols, but the pandemic has not ended\"  data-item_image=\"https:\/\/alma.loadingediciones.cl\/dev\/wp-content\/uploads\/2022\/04\/antigeno-scaled-e1649168843874-1040x400-1.jpg\"  data-item_date=\"2022-04-08T21:00:50+00:00\"  data-engine=\"WordPress\"  data-plugin_v=\"2.6.54\"  data-prx=\"https:\/\/alma.loadingediciones.cl\/dev\/wp-admin\/admin-ajax.php?action=likebtn_prx\"  data-event_handler=\"likebtn_eh\" ><\/span><!-- LikeBtn.com END --><\/div>","protected":false},"author":5,"featured_media":1310,"comment_status":"open","ping_status":"open","sticky":false,"template":"","format":"standard","meta":{"_et_pb_use_builder":"on","_et_pb_old_content":"<!-- wp:paragraph -->\r\n<p>Lorem ipsum dolor sit amet, consectetur adipiscing elit. Vestibulum ut dapibus neque, quis interdum lacus. Praesent a enim volutpat tortor sagittis vehicula eu consequat elit. Cras tristique erat sed nibh sollicitudin dictum. Fusce tempus velit nisi, vel venenatis orci volutpat nec. Nulla vitae pulvinar est. Proin egestas vestibulum massa. Quisque sit amet risus vel massa tincidunt tincidunt vitae in purus. Vivamus at ornare dui, ac pellentesque elit. Aenean accumsan, diam nec hendrerit accumsan, tellus justo posuere nulla, nec vestibulum nulla tellus vel urna. Fusce pellentesque mattis erat et molestie. Vestibulum eu sapien ante. Donec eu leo erat. Duis sodales lorem arcu, sit amet finibus eros convallis sit amet. Vivamus sem ligula, finibus maximus turpis at, semper molestie odio.<\/p>\r\n<!-- \/wp:paragraph -->","_et_gb_content_width":"","footnotes":""},"categories":[3],"tags":[22,29,34,33],"class_list":["post-133","post","type-post","status-publish","format-standard","has-post-thumbnail","hentry","category-news","tag-colleagues","tag-pandemic","tag-rto","tag-safety","et-has-post-format-content","et_post_format-et-post-format-standard"],"_links":{"self":[{"href":"https:\/\/alma.loadingediciones.cl\/dev\/wp-json\/wp\/v2\/posts\/133","targetHints":{"allow":["GET"]}}],"collection":[{"href":"https:\/\/alma.loadingediciones.cl\/dev\/wp-json\/wp\/v2\/posts"}],"about":[{"href":"https:\/\/alma.loadingediciones.cl\/dev\/wp-json\/wp\/v2\/types\/post"}],"author":[{"embeddable":true,"href":"https:\/\/alma.loadingediciones.cl\/dev\/wp-json\/wp\/v2\/users\/5"}],"replies":[{"embeddable":true,"href":"https:\/\/alma.loadingediciones.cl\/dev\/wp-json\/wp\/v2\/comments?post=133"}],"version-history":[{"count":12,"href":"https:\/\/alma.loadingediciones.cl\/dev\/wp-json\/wp\/v2\/posts\/133\/revisions"}],"predecessor-version":[{"id":1450,"href":"https:\/\/alma.loadingediciones.cl\/dev\/wp-json\/wp\/v2\/posts\/133\/revisions\/1450"}],"wp:featuredmedia":[{"embeddable":true,"href":"https:\/\/alma.loadingediciones.cl\/dev\/wp-json\/wp\/v2\/media\/1310"}],"wp:attachment":[{"href":"https:\/\/alma.loadingediciones.cl\/dev\/wp-json\/wp\/v2\/media?parent=133"}],"wp:term":[{"taxonomy":"category","embeddable":true,"href":"https:\/\/alma.loadingediciones.cl\/dev\/wp-json\/wp\/v2\/categories?post=133"},{"taxonomy":"post_tag","embeddable":true,"href":"https:\/\/alma.loadingediciones.cl\/dev\/wp-json\/wp\/v2\/tags?post=133"}],"curies":[{"name":"wp","href":"https:\/\/api.w.org\/{rel}","templated":true}]}}